{"id":5543,"date":"2025-02-27T21:10:27","date_gmt":"2025-02-27T19:10:27","guid":{"rendered":"https:\/\/gregorgomboc.com\/sanjska-poroka-v-dvorcu-georgi\/"},"modified":"2025-02-28T14:33:36","modified_gmt":"2025-02-28T12:33:36","slug":"sanjska-poroka-v-dvorcu-georgi","status":"publish","type":"post","link":"https:\/\/gregorgomboc.com\/sl\/sanjska-poroka-v-dvorcu-georgi\/","title":{"rendered":"Sanjska poroka v dvorcu Georgi"},"content":{"rendered":"\t\t<div data-elementor-type=\"wp-post\" data-elementor-id=\"5543\" class=\"elementor elementor-5543 elementor-5219\" data-elementor-post-type=\"post\">\n\t\t\t\t\t\t<section class=\"elementor-section elementor-top-section elementor-element elementor-element-622ad08 elementor-section-boxed elementor-section-height-default elementor-section-height-default\" data-id=\"622ad08\" data-element_type=\"section\" data-e-type=\"section\">\n\t\t\t\t\t\t<div class=\"elementor-container elementor-column-gap-default\">\n\t\t\t\t\t<div class=\"elementor-column elementor-col-100 elementor-top-column elementor-element elementor-element-a46a119\" data-id=\"a46a119\" data-element_type=\"column\" data-e-type=\"column\">\n\t\t\t<div class=\"elementor-widget-wrap elementor-element-populated\">\n\t\t\t\t\t\t<div class=\"elementor-element elementor-element-274d45e elementor-widget elementor-widget-text-editor\" data-id=\"274d45e\" data-element_type=\"widget\" data-e-type=\"widget\" data-widget_type=\"text-editor.default\">\n\t\t\t\t<div class=\"elementor-widget-container\">\n\t\t\t\t\t\t\t\t\t<p><\/p>\n<p data-start=\"96\" data-end=\"442\">Poroka v <a href=\"https:\/\/www.georgischloss.at\/\" target=\"_blank\">dvorcu Georgi<\/a> v Ju\u017eni \u0160tajerski je bila prava pravlji\u010dna poroka. \u017de ob prihodu je zgodovinski dvorec navdu\u0161il s svojo romanti\u010dno arhitekturo in idili\u010dno lokacijo sredi zelenja. Kombinacija elegance, zgodovine in ju\u017eno\u0161tajerskega \u0161arma je ta poseben dan naredila nepozaben.  <\/p>\n<p data-start=\"444\" data-end=\"733\">Poroka je potekala v slikoviti <a href=\"https:\/\/www.katholische-kirche-steiermark.at\/goto\/instvisitenkarte\/919\/Pfarre_Ehrenhausen\" target=\"_blank\">\u017eupnijski cerkvi<\/a> v Ehrenhausnu \u2013 \u010dudoviti cerkvi z impresivnim vzdu\u0161jem, ki je popolno dopolnjevala slovesni trenutek. Slovesnost je bila \u010dustvena in ganljiva, obogatena z ne\u017eno glasbo in toplimi besedami. <\/p>\n<p data-start=\"735\" data-end=\"1047\">Po cerkveni poroki so bili gostje na terasi <a href=\"https:\/\/www.georgischloss.at\/\" target=\"_blank\">dvorca Georgi<\/a> sprejeti z izbranimi \u0161tajerskimi vini in okusnimi prigrizki. Zgodovinsko notranje dvori\u0161\u010de je nudilo o\u010darljivo kuliso za spro\u0161\u010dene pogovore, medtem ko je bilo v slavnostni dvorani \u017ee vse pripravljeno za sve\u010dano ve\u010derjo. <\/p>\n<p data-start=\"1049\" data-end=\"1320\">Poro\u010dna ve\u010derja je bila pravo kulinari\u010dno do\u017eivetje: lokalne specialitete, skrbno usklajene z vrhunskimi vini, so bile postre\u017eene s prefinjenim slogom. Kombinacija tradicionalne \u0161tajerske kuhinje in sodobnih pridihov je navdu\u0161ila vse goste. <\/p>\n<p data-start=\"1322\" data-end=\"1539\">Ko je sonce po\u010dasi zahajalo, se je dvorec odel v toplo svetlobo in ustvaril pravlji\u010dno kuliso za poro\u010dni ples. \u017diva glasba in prazni\u010dno vzdu\u0161je sta ve\u010der naredila popoln. <\/p>\n<p data-start=\"1541\" data-end=\"1788\" data-is-last-node=\"\" data-is-only-node=\"\">Poroka v dvorcu Georgi je bila edinstvena izku\u0161nja \u2013 polna romantike, u\u017eitkov in nepozabnih trenutkov. Kdor i\u0161\u010de elegantno in o\u010darljivo poro\u010dno lokacijo v Ju\u017eni \u0160tajerski, jo bo tukaj zagotovo na\u0161el! <\/p><p data-start=\"1541\" data-end=\"1788\" data-is-last-node=\"\" data-is-only-node=\"\"><br><\/p>\t\t\t\t\t\t\t\t<\/div>\n\t\t\t\t<\/div>\n\t\t\t\t<div class=\"elementor-element elementor-element-a8a3e0b elementor-widget elementor-widget-gallery\" data-id=\"a8a3e0b\" data-element_type=\"widget\" data-e-type=\"widget\" data-settings=\"{&quot;gallery_layout&quot;:&quot;masonry&quot;,&quot;columns&quot;:2,&quot;lazyload&quot;:&quot;yes&quot;,&quot;columns_tablet&quot;:2,&quot;columns_mobile&quot;:1,&quot;gap&quot;:{&quot;unit&quot;:&quot;px&quot;,&quot;size&quot;:10,&quot;sizes&quot;:[]},&quot;gap_tablet&quot;:{&quot;unit&quot;:&quot;px&quot;,&quot;size&quot;:10,&quot;sizes&quot;:[]},&quot;gap_mobile&quot;:{&quot;unit&quot;:&quot;px&quot;,&quot;size&quot;:10,&quot;sizes&quot;:[]},&quot;link_to&quot;:&quot;file&quot;,&quot;overlay_background&quot;:&quot;yes&quot;,&quot;content_hover_animation&quot;:&quot;fade-in&quot;}\" data-widget_type=\"gallery.default\">\n\t\t\t\t<div class=\"elementor-widget-container\">\n\t\t\t\t\t\t\t<div class=\"elementor-gallery__container\">\n\t\t\t\t\t\t\t<a class=\"e-gallery-item elementor-gallery-item elementor-animated-content\" href=\"https:\/\/gregorgomboc.com\/wp-content\/uploads\/2025\/02\/230708_Katharina_und_Georg_004-2.jpg\" data-elementor-open-lightbox=\"yes\" data-elementor-lightbox-slideshow=\"a8a3e0b\" data-elementor-lightbox-title=\"230708_Katharina_und_Georg_004\" data-e-action-hash=\"#elementor-action%3Aaction%3Dlightbox%26settings%3DeyJpZCI6NTM1NCwidXJsIjoiaHR0cHM6XC9cL2dyZWdvcmdvbWJvYy5jb21cL3dwLWNvbnRlbnRcL3VwbG9hZHNcLzIwMjVcLzAyXC8yMzA3MDhfS2F0aGFyaW5hX3VuZF9HZW9yZ18wMDQtMi5qcGciLCJzbGlkZXNob3ciOiJhOGEzZTBiIn0%3D\">\n\t\t\t\t\t<div class=\"e-gallery-image elementor-gallery-item__image\" data-thumbnail=\"https:\/\/gregorgomboc.com\/wp-content\/uploads\/2025\/02\/230708_Katharina_und_Georg_004-2-768x512.jpg\" data-width=\"768\" data-height=\"512\" aria-label=\"Br\u00e4utigam Tracht Lederhosen gr\u00fcn\" role=\"img\" ><\/div>\n\t\t\t\t\t\t\t\t\t\t\t<div class=\"elementor-gallery-item__overlay\"><\/div>\n\t\t\t\t\t\t\t\t\t\t\t\t\t\t<\/a>\n\t\t\t\t\t\t\t<a class=\"e-gallery-item elementor-gallery-item elementor-animated-content\" href=\"https:\/\/gregorgomboc.com\/wp-content\/uploads\/2025\/02\/230708_Katharina_und_Georg_008-2.jpg\" data-elementor-open-lightbox=\"yes\" data-elementor-lightbox-slideshow=\"a8a3e0b\" data-elementor-lightbox-title=\"230708_Katharina_und_Georg_008\" data-e-action-hash=\"#elementor-action%3Aaction%3Dlightbox%26settings%3DeyJpZCI6NTM1NiwidXJsIjoiaHR0cHM6XC9cL2dyZWdvcmdvbWJvYy5jb21cL3dwLWNvbnRlbnRcL3VwbG9hZHNcLzIwMjVcLzAyXC8yMzA3MDhfS2F0aGFyaW5hX3VuZF9HZW9yZ18wMDgtMi5qcGciLCJzbGlkZXNob3ciOiJhOGEzZTBiIn0%3D\">\n\t\t\t\t\t<div class=\"e-gallery-image elementor-gallery-item__image\" data-thumbnail=\"https:\/\/gregorgomboc.com\/wp-content\/uploads\/2025\/02\/230708_Katharina_und_Georg_008-2-768x512.jpg\" data-width=\"768\" data-height=\"512\" aria-label=\"Hochzeit Krawatte Hochzeitsdetail\" role=\"img\" ><\/div>\n\t\t\t\t\t\t\t\t\t\t\t<div class=\"elementor-gallery-item__overlay\"><\/div>\n\t\t\t\t\t\t\t\t\t\t\t\t\t\t<\/a>\n\t\t\t\t\t\t\t<a class=\"e-gallery-item elementor-gallery-item elementor-animated-content\" href=\"https:\/\/gregorgomboc.com\/wp-content\/uploads\/2025\/02\/230708_Katharina_und_Georg_056-2.jpg\" data-elementor-open-lightbox=\"yes\" data-elementor-lightbox-slideshow=\"a8a3e0b\" data-elementor-lightbox-title=\"230708_Katharina_und_Georg_056\" data-e-action-hash=\"#elementor-action%3Aaction%3Dlightbox%26settings%3DeyJpZCI6NTM3MCwidXJsIjoiaHR0cHM6XC9cL2dyZWdvcmdvbWJvYy5jb21cL3dwLWNvbnRlbnRcL3VwbG9hZHNcLzIwMjVcLzAyXC8yMzA3MDhfS2F0aGFyaW5hX3VuZF9HZW9yZ18wNTYtMi5qcGciLCJzbGlkZXNob3ciOiJhOGEzZTBiIn0%3D\">\n\t\t\t\t\t<div class=\"e-gallery-image elementor-gallery-item__image\" data-thumbnail=\"https:\/\/gregorgomboc.com\/wp-content\/uploads\/2025\/02\/230708_Katharina_und_Georg_056-2-768x1152.jpg\" data-width=\"768\" data-height=\"1152\" aria-label=\"Ringschatulle Hochzeit\" role=\"img\" ><\/div>\n\t\t\t\t\t\t\t\t\t\t\t<div class=\"elementor-gallery-item__overlay\"><\/div>\n\t\t\t\t\t\t\t\t\t\t\t\t\t\t<\/a>\n\t\t\t\t\t\t\t<a class=\"e-gallery-item elementor-gallery-item elementor-animated-content\" href=\"https:\/\/gregorgomboc.com\/wp-content\/uploads\/2025\/02\/230708_Katharina_und_Georg_010-2.jpg\" data-elementor-open-lightbox=\"yes\" data-elementor-lightbox-slideshow=\"a8a3e0b\" data-elementor-lightbox-title=\"230708_Katharina_und_Georg_010\" data-e-action-hash=\"#elementor-action%3Aaction%3Dlightbox%26settings%3DeyJpZCI6NTM1OCwidXJsIjoiaHR0cHM6XC9cL2dyZWdvcmdvbWJvYy5jb21cL3dwLWNvbnRlbnRcL3VwbG9hZHNcLzIwMjVcLzAyXC8yMzA3MDhfS2F0aGFyaW5hX3VuZF9HZW9yZ18wMTAtMi5qcGciLCJzbGlkZXNob3ciOiJhOGEzZTBiIn0%3D\">\n\t\t\t\t\t<div class=\"e-gallery-image elementor-gallery-item__image\" data-thumbnail=\"https:\/\/gregorgomboc.com\/wp-content\/uploads\/2025\/02\/230708_Katharina_und_Georg_010-2-768x512.jpg\" data-width=\"768\" data-height=\"512\" aria-label=\"Breutigam zieht sich f\u00fcr die Hochzeit an\" role=\"img\" ><\/div>\n\t\t\t\t\t\t\t\t\t\t\t<div class=\"elementor-gallery-item__overlay\"><\/div>\n\t\t\t\t\t\t\t\t\t\t\t\t\t\t<\/a>\n\t\t\t\t\t\t\t<a class=\"e-gallery-item elementor-gallery-item elementor-animated-content\" href=\"https:\/\/gregorgomboc.com\/wp-content\/uploads\/2025\/02\/230708_Katharina_und_Georg_014-2.jpg\" data-elementor-open-lightbox=\"yes\" data-elementor-lightbox-slideshow=\"a8a3e0b\" data-elementor-lightbox-title=\"230708_Katharina_und_Georg_014\" data-e-action-hash=\"#elementor-action%3Aaction%3Dlightbox%26settings%3DeyJpZCI6NTM2MCwidXJsIjoiaHR0cHM6XC9cL2dyZWdvcmdvbWJvYy5jb21cL3dwLWNvbnRlbnRcL3VwbG9hZHNcLzIwMjVcLzAyXC8yMzA3MDhfS2F0aGFyaW5hX3VuZF9HZW9yZ18wMTQtMi5qcGciLCJzbGlkZXNob3ciOiJhOGEzZTBiIn0%3D\">\n\t\t\t\t\t<div class=\"e-gallery-image elementor-gallery-item__image\" data-thumbnail=\"https:\/\/gregorgomboc.com\/wp-content\/uploads\/2025\/02\/230708_Katharina_und_Georg_014-2-768x512.jpg\" data-width=\"768\" data-height=\"512\" aria-label=\"Hochzeit auf georgi schloss\" role=\"img\" ><\/div>\n\t\t\t\t\t\t\t\t\t\t\t<div class=\"elementor-gallery-item__overlay\"><\/div>\n\t\t\t\t\t\t\t\t\t\t\t\t\t\t<\/a>\n\t\t\t\t\t\t\t<a class=\"e-gallery-item elementor-gallery-item elementor-animated-content\" href=\"https:\/\/gregorgomboc.com\/wp-content\/uploads\/2025\/02\/230708_Katharina_und_Georg_026-2.jpg\" data-elementor-open-lightbox=\"yes\" data-elementor-lightbox-slideshow=\"a8a3e0b\" data-elementor-lightbox-title=\"230708_Katharina_und_Georg_026\" data-e-action-hash=\"#elementor-action%3Aaction%3Dlightbox%26settings%3DeyJpZCI6NTM2MiwidXJsIjoiaHR0cHM6XC9cL2dyZWdvcmdvbWJvYy5jb21cL3dwLWNvbnRlbnRcL3VwbG9hZHNcLzIwMjVcLzAyXC8yMzA3MDhfS2F0aGFyaW5hX3VuZF9HZW9yZ18wMjYtMi5qcGciLCJzbGlkZXNob3ciOiJhOGEzZTBiIn0%3D\">\n\t\t\t\t\t<div class=\"e-gallery-image elementor-gallery-item__image\" data-thumbnail=\"https:\/\/gregorgomboc.com\/wp-content\/uploads\/2025\/02\/230708_Katharina_und_Georg_026-2-768x942.jpg\" data-width=\"768\" data-height=\"942\" aria-label=\"Hochzeit Br\u00e4utigam Anzug Anziehen\" role=\"img\" ><\/div>\n\t\t\t\t\t\t\t\t\t\t\t<div class=\"elementor-gallery-item__overlay\"><\/div>\n\t\t\t\t\t\t\t\t\t\t\t\t\t\t<\/a>\n\t\t\t\t\t\t\t<a class=\"e-gallery-item elementor-gallery-item elementor-animated-content\" href=\"https:\/\/gregorgomboc.com\/wp-content\/uploads\/2025\/02\/230708_Katharina_und_Georg_036-2.jpg\" data-elementor-open-lightbox=\"yes\" data-elementor-lightbox-slideshow=\"a8a3e0b\" data-elementor-lightbox-title=\"230708_Katharina_und_Georg_036\" data-e-action-hash=\"#elementor-action%3Aaction%3Dlightbox%26settings%3DeyJpZCI6NTM2NCwidXJsIjoiaHR0cHM6XC9cL2dyZWdvcmdvbWJvYy5jb21cL3dwLWNvbnRlbnRcL3VwbG9hZHNcLzIwMjVcLzAyXC8yMzA3MDhfS2F0aGFyaW5hX3VuZF9HZW9yZ18wMzYtMi5qcGciLCJzbGlkZXNob3ciOiJhOGEzZTBiIn0%3D\">\n\t\t\t\t\t<div class=\"e-gallery-image elementor-gallery-item__image\" data-thumbnail=\"https:\/\/gregorgomboc.com\/wp-content\/uploads\/2025\/02\/230708_Katharina_und_Georg_036-2-768x512.jpg\" data-width=\"768\" data-height=\"512\" aria-label=\"Trauzeuge hilft dem Br\u00e4utigam beim Anziehen\" role=\"img\" ><\/div>\n\t\t\t\t\t\t\t\t\t\t\t<div class=\"elementor-gallery-item__overlay\"><\/div>\n\t\t\t\t\t\t\t\t\t\t\t\t\t\t<\/a>\n\t\t\t\t\t\t\t<a class=\"e-gallery-item elementor-gallery-item elementor-animated-content\" href=\"https:\/\/gregorgomboc.com\/wp-content\/uploads\/2025\/02\/230708_Katharina_und_Georg_099-2.jpg\" data-elementor-open-lightbox=\"yes\" data-elementor-lightbox-slideshow=\"a8a3e0b\" data-elementor-lightbox-title=\"230708_Katharina_und_Georg_099\" data-e-action-hash=\"#elementor-action%3Aaction%3Dlightbox%26settings%3DeyJpZCI6NTM3NCwidXJsIjoiaHR0cHM6XC9cL2dyZWdvcmdvbWJvYy5jb21cL3dwLWNvbnRlbnRcL3VwbG9hZHNcLzIwMjVcLzAyXC8yMzA3MDhfS2F0aGFyaW5hX3VuZF9HZW9yZ18wOTktMi5qcGciLCJzbGlkZXNob3ciOiJhOGEzZTBiIn0%3D\">\n\t\t\t\t\t<div class=\"e-gallery-image elementor-gallery-item__image\" data-thumbnail=\"https:\/\/gregorgomboc.com\/wp-content\/uploads\/2025\/02\/230708_Katharina_und_Georg_099-2-768x512.jpg\" data-width=\"768\" data-height=\"512\" aria-label=\"Hochzeitsringe Eheringe Gold Verlobungsring\" role=\"img\" ><\/div>\n\t\t\t\t\t\t\t\t\t\t\t<div class=\"elementor-gallery-item__overlay\"><\/div>\n\t\t\t\t\t\t\t\t\t\t\t\t\t\t<\/a>\n\t\t\t\t\t\t\t<a class=\"e-gallery-item elementor-gallery-item elementor-animated-content\" href=\"https:\/\/gregorgomboc.com\/wp-content\/uploads\/2025\/02\/230708_Katharina_und_Georg_046-2.jpg\" data-elementor-open-lightbox=\"yes\" data-elementor-lightbox-slideshow=\"a8a3e0b\" data-elementor-lightbox-title=\"230708_Katharina_und_Georg_046\" data-e-action-hash=\"#elementor-action%3Aaction%3Dlightbox%26settings%3DeyJpZCI6NTM2OCwidXJsIjoiaHR0cHM6XC9cL2dyZWdvcmdvbWJvYy5jb21cL3dwLWNvbnRlbnRcL3VwbG9hZHNcLzIwMjVcLzAyXC8yMzA3MDhfS2F0aGFyaW5hX3VuZF9HZW9yZ18wNDYtMi5qcGciLCJzbGlkZXNob3ciOiJhOGEzZTBiIn0%3D\">\n\t\t\t\t\t<div class=\"e-gallery-image elementor-gallery-item__image\" data-thumbnail=\"https:\/\/gregorgomboc.com\/wp-content\/uploads\/2025\/02\/230708_Katharina_und_Georg_046-2-768x1152.jpg\" data-width=\"768\" data-height=\"1152\" aria-label=\"Brautkleid Hochzeitskleid\" role=\"img\" ><\/div>\n\t\t\t\t\t\t\t\t\t\t\t<div class=\"elementor-gallery-item__overlay\"><\/div>\n\t\t\t\t\t\t\t\t\t\t\t\t\t\t<\/a>\n\t\t\t\t\t\t\t<a class=\"e-gallery-item elementor-gallery-item elementor-animated-content\" href=\"https:\/\/gregorgomboc.com\/wp-content\/uploads\/2025\/02\/230708_Katharina_und_Georg_044-2.jpg\" data-elementor-open-lightbox=\"yes\" data-elementor-lightbox-slideshow=\"a8a3e0b\" data-elementor-lightbox-title=\"230708_Katharina_und_Georg_044\" data-e-action-hash=\"#elementor-action%3Aaction%3Dlightbox%26settings%3DeyJpZCI6NTM2NiwidXJsIjoiaHR0cHM6XC9cL2dyZWdvcmdvbWJvYy5jb21cL3dwLWNvbnRlbnRcL3VwbG9hZHNcLzIwMjVcLzAyXC8yMzA3MDhfS2F0aGFyaW5hX3VuZF9HZW9yZ18wNDQtMi5qcGciLCJzbGlkZXNob3ciOiJhOGEzZTBiIn0%3D\">\n\t\t\t\t\t<div class=\"e-gallery-image elementor-gallery-item__image\" data-thumbnail=\"https:\/\/gregorgomboc.com\/wp-content\/uploads\/2025\/02\/230708_Katharina_und_Georg_044-2-768x512.jpg\" data-width=\"768\" data-height=\"512\" aria-label=\"Hochzeitsmakeup Schminken Make-up\" role=\"img\" ><\/div>\n\t\t\t\t\t\t\t\t\t\t\t<div class=\"elementor-gallery-item__overlay\"><\/div>\n\t\t\t\t\t\t\t\t\t\t\t\t\t\t<\/a>\n\t\t\t\t\t\t\t<a class=\"e-gallery-item elementor-gallery-item elementor-animated-content\" href=\"https:\/\/gregorgomboc.com\/wp-content\/uploads\/2025\/02\/230708_Katharina_und_Georg_076-2.jpg\" data-elementor-open-lightbox=\"yes\" data-elementor-lightbox-slideshow=\"a8a3e0b\" data-elementor-lightbox-title=\"230708_Katharina_und_Georg_076\" data-e-action-hash=\"#elementor-action%3Aaction%3Dlightbox%26settings%3DeyJpZCI6NTM3MiwidXJsIjoiaHR0cHM6XC9cL2dyZWdvcmdvbWJvYy5jb21cL3dwLWNvbnRlbnRcL3VwbG9hZHNcLzIwMjVcLzAyXC8yMzA3MDhfS2F0aGFyaW5hX3VuZF9HZW9yZ18wNzYtMi5qcGciLCJzbGlkZXNob3ciOiJhOGEzZTBiIn0%3D\">\n\t\t\t\t\t<div class=\"e-gallery-image elementor-gallery-item__image\" data-thumbnail=\"https:\/\/gregorgomboc.com\/wp-content\/uploads\/2025\/02\/230708_Katharina_und_Georg_076-2-768x1152.jpg\" data-width=\"768\" data-height=\"1152\" aria-label=\"Hochzeitsfrisur\" role=\"img\" ><\/div>\n\t\t\t\t\t\t\t\t\t\t\t<div class=\"elementor-gallery-item__overlay\"><\/div>\n\t\t\t\t\t\t\t\t\t\t\t\t\t\t<\/a>\n\t\t\t\t\t\t\t<a class=\"e-gallery-item elementor-gallery-item elementor-animated-content\" href=\"https:\/\/gregorgomboc.com\/wp-content\/uploads\/2025\/02\/230708_Katharina_und_Georg_103-2.jpg\" data-elementor-open-lightbox=\"yes\" data-elementor-lightbox-slideshow=\"a8a3e0b\" data-elementor-lightbox-title=\"230708_Katharina_und_Georg_103\" data-e-action-hash=\"#elementor-action%3Aaction%3Dlightbox%26settings%3DeyJpZCI6NTM3NiwidXJsIjoiaHR0cHM6XC9cL2dyZWdvcmdvbWJvYy5jb21cL3dwLWNvbnRlbnRcL3VwbG9hZHNcLzIwMjVcLzAyXC8yMzA3MDhfS2F0aGFyaW5hX3VuZF9HZW9yZ18xMDMtMi5qcGciLCJzbGlkZXNob3ciOiJhOGEzZTBiIn0%3D\">\n\t\t\t\t\t<div class=\"e-gallery-image elementor-gallery-item__image\" data-thumbnail=\"https:\/\/gregorgomboc.com\/wp-content\/uploads\/2025\/02\/230708_Katharina_und_Georg_103-2-768x1152.jpg\" data-width=\"768\" data-height=\"1152\" aria-label=\"Brautmutter Tracht\" role=\"img\" ><\/div>\n\t\t\t\t\t\t\t\t\t\t\t<div class=\"elementor-gallery-item__overlay\"><\/div>\n\t\t\t\t\t\t\t\t\t\t\t\t\t\t<\/a>\n\t\t\t\t\t\t\t<a class=\"e-gallery-item elementor-gallery-item elementor-animated-content\" href=\"https:\/\/gregorgomboc.com\/wp-content\/uploads\/2025\/02\/230708_Katharina_und_Georg_132-2.jpg\" data-elementor-open-lightbox=\"yes\" data-elementor-lightbox-slideshow=\"a8a3e0b\" data-elementor-lightbox-title=\"230708_Katharina_und_Georg_132\" data-e-action-hash=\"#elementor-action%3Aaction%3Dlightbox%26settings%3DeyJpZCI6NTM5MiwidXJsIjoiaHR0cHM6XC9cL2dyZWdvcmdvbWJvYy5jb21cL3dwLWNvbnRlbnRcL3VwbG9hZHNcLzIwMjVcLzAyXC8yMzA3MDhfS2F0aGFyaW5hX3VuZF9HZW9yZ18xMzItMi5qcGciLCJzbGlkZXNob3ciOiJhOGEzZTBiIn0%3D\">\n\t\t\t\t\t<div class=\"e-gallery-image elementor-gallery-item__image\" data-thumbnail=\"https:\/\/gregorgomboc.com\/wp-content\/uploads\/2025\/02\/230708_Katharina_und_Georg_132-2-768x1152.jpg\" data-width=\"768\" data-height=\"1152\" aria-label=\"Braut R\u00fccken Brautschleier\" role=\"img\" ><\/div>\n\t\t\t\t\t\t\t\t\t\t\t<div class=\"elementor-gallery-item__overlay\"><\/div>\n\t\t\t\t\t\t\t\t\t\t\t\t\t\t<\/a>\n\t\t\t\t\t\t\t<a class=\"e-gallery-item elementor-gallery-item elementor-animated-content\" href=\"https:\/\/gregorgomboc.com\/wp-content\/uploads\/2025\/02\/230708_Katharina_und_Georg_138-2.jpg\" data-elementor-open-lightbox=\"yes\" data-elementor-lightbox-slideshow=\"a8a3e0b\" data-elementor-lightbox-title=\"230708_Katharina_und_Georg_138\" data-e-action-hash=\"#elementor-action%3Aaction%3Dlightbox%26settings%3DeyJpZCI6NTM5NCwidXJsIjoiaHR0cHM6XC9cL2dyZWdvcmdvbWJvYy5jb21cL3dwLWNvbnRlbnRcL3VwbG9hZHNcLzIwMjVcLzAyXC8yMzA3MDhfS2F0aGFyaW5hX3VuZF9HZW9yZ18xMzgtMi5qcGciLCJzbGlkZXNob3ciOiJhOGEzZTBiIn0%3D\">\n\t\t\t\t\t<div class=\"e-gallery-image elementor-gallery-item__image\" data-thumbnail=\"https:\/\/gregorgomboc.com\/wp-content\/uploads\/2025\/02\/230708_Katharina_und_Georg_138-2-768x512.jpg\" data-width=\"768\" data-height=\"512\" aria-label=\"Schleppe Braut richten Brautjungfern\" role=\"img\" ><\/div>\n\t\t\t\t\t\t\t\t\t\t\t<div class=\"elementor-gallery-item__overlay\"><\/div>\n\t\t\t\t\t\t\t\t\t\t\t\t\t\t<\/a>\n\t\t\t\t\t\t\t<a class=\"e-gallery-item elementor-gallery-item elementor-animated-content\" href=\"https:\/\/gregorgomboc.com\/wp-content\/uploads\/2025\/02\/230708_Katharina_und_Georg_140-2.jpg\" data-elementor-open-lightbox=\"yes\" data-elementor-lightbox-slideshow=\"a8a3e0b\" data-elementor-lightbox-title=\"230708_Katharina_und_Georg_140\" data-e-action-hash=\"#elementor-action%3Aaction%3Dlightbox%26settings%3DeyJpZCI6NTM5NiwidXJsIjoiaHR0cHM6XC9cL2dyZWdvcmdvbWJvYy5jb21cL3dwLWNvbnRlbnRcL3VwbG9hZHNcLzIwMjVcLzAyXC8yMzA3MDhfS2F0aGFyaW5hX3VuZF9HZW9yZ18xNDAtMi5qcGciLCJzbGlkZXNob3ciOiJhOGEzZTBiIn0%3D\">\n\t\t\t\t\t<div class=\"e-gallery-image elementor-gallery-item__image\" data-thumbnail=\"https:\/\/gregorgomboc.com\/wp-content\/uploads\/2025\/02\/230708_Katharina_und_Georg_140-2-768x1152.jpg\" data-width=\"768\" data-height=\"1152\" aria-label=\"Brautkleid anziehen\" role=\"img\" ><\/div>\n\t\t\t\t\t\t\t\t\t\t\t<div class=\"elementor-gallery-item__overlay\"><\/div>\n\t\t\t\t\t\t\t\t\t\t\t\t\t\t<\/a>\n\t\t\t\t\t\t\t<a class=\"e-gallery-item elementor-gallery-item elementor-animated-content\" href=\"https:\/\/gregorgomboc.com\/wp-content\/uploads\/2025\/02\/230708_Katharina_und_Georg_150-2.jpg\" data-elementor-open-lightbox=\"yes\" data-elementor-lightbox-slideshow=\"a8a3e0b\" data-elementor-lightbox-title=\"230708_Katharina_und_Georg_150\" data-e-action-hash=\"#elementor-action%3Aaction%3Dlightbox%26settings%3DeyJpZCI6NTM5OCwidXJsIjoiaHR0cHM6XC9cL2dyZWdvcmdvbWJvYy5jb21cL3dwLWNvbnRlbnRcL3VwbG9hZHNcLzIwMjVcLzAyXC8yMzA3MDhfS2F0aGFyaW5hX3VuZF9HZW9yZ18xNTAtMi5qcGciLCJzbGlkZXNob3ciOiJhOGEzZTBiIn0%3D\">\n\t\t\t\t\t<div class=\"e-gallery-image elementor-gallery-item__image\" data-thumbnail=\"https:\/\/gregorgomboc.com\/wp-content\/uploads\/2025\/02\/230708_Katharina_und_Georg_150-2-768x512.jpg\" data-width=\"768\" data-height=\"512\" aria-label=\"Brautvorbereitungen bei Georgi Schloss\" role=\"img\" ><\/div>\n\t\t\t\t\t\t\t\t\t\t\t<div class=\"elementor-gallery-item__overlay\"><\/div>\n\t\t\t\t\t\t\t\t\t\t\t\t\t\t<\/a>\n\t\t\t\t\t\t\t<a class=\"e-gallery-item elementor-gallery-item elementor-animated-content\" href=\"https:\/\/gregorgomboc.com\/wp-content\/uploads\/2025\/02\/230708_Katharina_und_Georg_156-2.jpg\" data-elementor-open-lightbox=\"yes\" data-elementor-lightbox-slideshow=\"a8a3e0b\" data-elementor-lightbox-title=\"230708_Katharina_und_Georg_156\" data-e-action-hash=\"#elementor-action%3Aaction%3Dlightbox%26settings%3DeyJpZCI6NTQwMCwidXJsIjoiaHR0cHM6XC9cL2dyZWdvcmdvbWJvYy5jb21cL3dwLWNvbnRlbnRcL3VwbG9hZHNcLzIwMjVcLzAyXC8yMzA3MDhfS2F0aGFyaW5hX3VuZF9HZW9yZ18xNTYtMi5qcGciLCJzbGlkZXNob3ciOiJhOGEzZTBiIn0%3D\">\n\t\t\t\t\t<div class=\"e-gallery-image elementor-gallery-item__image\" data-thumbnail=\"https:\/\/gregorgomboc.com\/wp-content\/uploads\/2025\/02\/230708_Katharina_und_Georg_156-2-768x512.jpg\" data-width=\"768\" data-height=\"512\" aria-label=\"Brautschleier\" role=\"img\" ><\/div>\n\t\t\t\t\t\t\t\t\t\t\t<div class=\"elementor-gallery-item__overlay\"><\/div>\n\t\t\t\t\t\t\t\t\t\t\t\t\t\t<\/a>\n\t\t\t\t\t\t\t<a class=\"e-gallery-item elementor-gallery-item elementor-animated-content\" href=\"https:\/\/gregorgomboc.com\/wp-content\/uploads\/2025\/02\/230708_Katharina_und_Georg_158-2.jpg\" data-elementor-open-lightbox=\"yes\" data-elementor-lightbox-slideshow=\"a8a3e0b\" data-elementor-lightbox-title=\"230708_Katharina_und_Georg_158\" data-e-action-hash=\"#elementor-action%3Aaction%3Dlightbox%26settings%3DeyJpZCI6NTQwMiwidXJsIjoiaHR0cHM6XC9cL2dyZWdvcmdvbWJvYy5jb21cL3dwLWNvbnRlbnRcL3VwbG9hZHNcLzIwMjVcLzAyXC8yMzA3MDhfS2F0aGFyaW5hX3VuZF9HZW9yZ18xNTgtMi5qcGciLCJzbGlkZXNob3ciOiJhOGEzZTBiIn0%3D\">\n\t\t\t\t\t<div class=\"e-gallery-image elementor-gallery-item__image\" data-thumbnail=\"https:\/\/gregorgomboc.com\/wp-content\/uploads\/2025\/02\/230708_Katharina_und_Georg_158-2-768x512.jpg\" data-width=\"768\" data-height=\"512\" aria-label=\"Hochzeitskleid Brautkleid Knopf\" role=\"img\" ><\/div>\n\t\t\t\t\t\t\t\t\t\t\t<div class=\"elementor-gallery-item__overlay\"><\/div>\n\t\t\t\t\t\t\t\t\t\t\t\t\t\t<\/a>\n\t\t\t\t\t\t\t<a class=\"e-gallery-item elementor-gallery-item elementor-animated-content\" href=\"https:\/\/gregorgomboc.com\/wp-content\/uploads\/2025\/02\/230708_Katharina_und_Georg_184-2.jpg\" data-elementor-open-lightbox=\"yes\" data-elementor-lightbox-slideshow=\"a8a3e0b\" data-elementor-lightbox-title=\"230708_Katharina_und_Georg_184\" data-e-action-hash=\"#elementor-action%3Aaction%3Dlightbox%26settings%3DeyJpZCI6NTQwOCwidXJsIjoiaHR0cHM6XC9cL2dyZWdvcmdvbWJvYy5jb21cL3dwLWNvbnRlbnRcL3VwbG9hZHNcLzIwMjVcLzAyXC8yMzA3MDhfS2F0aGFyaW5hX3VuZF9HZW9yZ18xODQtMi5qcGciLCJzbGlkZXNob3ciOiJhOGEzZTBiIn0%3D\">\n\t\t\t\t\t<div class=\"e-gallery-image elementor-gallery-item__image\" data-thumbnail=\"https:\/\/gregorgomboc.com\/wp-content\/uploads\/2025\/02\/230708_Katharina_und_Georg_184-2-768x512.jpg\" data-width=\"768\" data-height=\"512\" aria-label=\"Hochzeitschuhe anziehen\" role=\"img\" ><\/div>\n\t\t\t\t\t\t\t\t\t\t\t<div class=\"elementor-gallery-item__overlay\"><\/div>\n\t\t\t\t\t\t\t\t\t\t\t\t\t\t<\/a>\n\t\t\t\t\t\t\t<a class=\"e-gallery-item elementor-gallery-item elementor-animated-content\" href=\"https:\/\/gregorgomboc.com\/wp-content\/uploads\/2025\/02\/230708_Katharina_und_Georg_170-2.jpg\" data-elementor-open-lightbox=\"yes\" data-elementor-lightbox-slideshow=\"a8a3e0b\" data-elementor-lightbox-title=\"230708_Katharina_und_Georg_170\" data-e-action-hash=\"#elementor-action%3Aaction%3Dlightbox%26settings%3DeyJpZCI6NTQwNCwidXJsIjoiaHR0cHM6XC9cL2dyZWdvcmdvbWJvYy5jb21cL3dwLWNvbnRlbnRcL3VwbG9hZHNcLzIwMjVcLzAyXC8yMzA3MDhfS2F0aGFyaW5hX3VuZF9HZW9yZ18xNzAtMi5qcGciLCJzbGlkZXNob3ciOiJhOGEzZTBiIn0%3D\">\n\t\t\t\t\t<div class=\"e-gallery-image elementor-gallery-item__image\" data-thumbnail=\"https:\/\/gregorgomboc.com\/wp-content\/uploads\/2025\/02\/230708_Katharina_und_Georg_170-2-768x512.jpg\" data-width=\"768\" data-height=\"512\" aria-label=\"Richten des Hochzeitskleides\" role=\"img\" ><\/div>\n\t\t\t\t\t\t\t\t\t\t\t<div class=\"elementor-gallery-item__overlay\"><\/div>\n\t\t\t\t\t\t\t\t\t\t\t\t\t\t<\/a>\n\t\t\t\t\t\t\t<a class=\"e-gallery-item elementor-gallery-item elementor-animated-content\" href=\"https:\/\/gregorgomboc.com\/wp-content\/uploads\/2025\/02\/230708_Katharina_und_Georg_178-2.jpg\" data-elementor-open-lightbox=\"yes\" data-elementor-lightbox-slideshow=\"a8a3e0b\" data-elementor-lightbox-title=\"230708_Katharina_und_Georg_178\" data-e-action-hash=\"#elementor-action%3Aaction%3Dlightbox%26settings%3DeyJpZCI6NTQwNiwidXJsIjoiaHR0cHM6XC9cL2dyZWdvcmdvbWJvYy5jb21cL3dwLWNvbnRlbnRcL3VwbG9hZHNcLzIwMjVcLzAyXC8yMzA3MDhfS2F0aGFyaW5hX3VuZF9HZW9yZ18xNzgtMi5qcGciLCJzbGlkZXNob3ciOiJhOGEzZTBiIn0%3D\">\n\t\t\t\t\t<div class=\"e-gallery-image elementor-gallery-item__image\" data-thumbnail=\"https:\/\/gregorgomboc.com\/wp-content\/uploads\/2025\/02\/230708_Katharina_und_Georg_178-2-768x1152.jpg\" data-width=\"768\" data-height=\"1152\" aria-label=\"Braut steht im Fensterlicht\" role=\"img\" ><\/div>\n\t\t\t\t\t\t\t\t\t\t\t<div class=\"elementor-gallery-item__overlay\"><\/div>\n\t\t\t\t\t\t\t\t\t\t\t\t\t\t<\/a>\n\t\t\t\t\t\t\t<a class=\"e-gallery-item elementor-gallery-item elementor-animated-content\" href=\"https:\/\/gregorgomboc.com\/wp-content\/uploads\/2025\/02\/230708_Katharina_und_Georg_198-2.jpg\" data-elementor-open-lightbox=\"yes\" data-elementor-lightbox-slideshow=\"a8a3e0b\" data-elementor-lightbox-title=\"230708_Katharina_und_Georg_198\" data-e-action-hash=\"#elementor-action%3Aaction%3Dlightbox%26settings%3DeyJpZCI6NTQxMiwidXJsIjoiaHR0cHM6XC9cL2dyZWdvcmdvbWJvYy5jb21cL3dwLWNvbnRlbnRcL3VwbG9hZHNcLzIwMjVcLzAyXC8yMzA3MDhfS2F0aGFyaW5hX3VuZF9HZW9yZ18xOTgtMi5qcGciLCJzbGlkZXNob3ciOiJhOGEzZTBiIn0%3D\">\n\t\t\t\t\t<div class=\"e-gallery-image elementor-gallery-item__image\" data-thumbnail=\"https:\/\/gregorgomboc.com\/wp-content\/uploads\/2025\/02\/230708_Katharina_und_Georg_198-2-768x1152.jpg\" data-width=\"768\" data-height=\"1152\" aria-label=\"Vater sieht die Braut zum ersten mall\" role=\"img\" ><\/div>\n\t\t\t\t\t\t\t\t\t\t\t<div class=\"elementor-gallery-item__overlay\"><\/div>\n\t\t\t\t\t\t\t\t\t\t\t\t\t\t<\/a>\n\t\t\t\t\t\t\t<a class=\"e-gallery-item elementor-gallery-item elementor-animated-content\" href=\"https:\/\/gregorgomboc.com\/wp-content\/uploads\/2025\/02\/230708_Katharina_und_Georg_194-2.jpg\" data-elementor-open-lightbox=\"yes\" data-elementor-lightbox-slideshow=\"a8a3e0b\" data-elementor-lightbox-title=\"230708_Katharina_und_Georg_194\" data-e-action-hash=\"#elementor-action%3Aaction%3Dlightbox%26settings%3DeyJpZCI6NTQxMCwidXJsIjoiaHR0cHM6XC9cL2dyZWdvcmdvbWJvYy5jb21cL3dwLWNvbnRlbnRcL3VwbG9hZHNcLzIwMjVcLzAyXC8yMzA3MDhfS2F0aGFyaW5hX3VuZF9HZW9yZ18xOTQtMi5qcGciLCJzbGlkZXNob3ciOiJhOGEzZTBiIn0%3D\">\n\t\t\t\t\t<div class=\"e-gallery-image elementor-gallery-item__image\" data-thumbnail=\"https:\/\/gregorgomboc.com\/wp-content\/uploads\/2025\/02\/230708_Katharina_und_Georg_194-2-768x512.jpg\" data-width=\"768\" data-height=\"512\" aria-label=\"Vater umarmmt die Braut beim First Look\" role=\"img\" ><\/div>\n\t\t\t\t\t\t\t\t\t\t\t<div class=\"elementor-gallery-item__overlay\"><\/div>\n\t\t\t\t\t\t\t\t\t\t\t\t\t\t<\/a>\n\t\t\t\t\t\t\t<a class=\"e-gallery-item elementor-gallery-item elementor-animated-content\" href=\"https:\/\/gregorgomboc.com\/wp-content\/uploads\/2025\/02\/230708_Katharina_und_Georg_214-2.jpg\" data-elementor-open-lightbox=\"yes\" data-elementor-lightbox-slideshow=\"a8a3e0b\" data-elementor-lightbox-title=\"230708_Katharina_und_Georg_214\" data-e-action-hash=\"#elementor-action%3Aaction%3Dlightbox%26settings%3DeyJpZCI6NTQxNCwidXJsIjoiaHR0cHM6XC9cL2dyZWdvcmdvbWJvYy5jb21cL3dwLWNvbnRlbnRcL3VwbG9hZHNcLzIwMjVcLzAyXC8yMzA3MDhfS2F0aGFyaW5hX3VuZF9HZW9yZ18yMTQtMi5qcGciLCJzbGlkZXNob3ciOiJhOGEzZTBiIn0%3D\">\n\t\t\t\t\t<div class=\"e-gallery-image elementor-gallery-item__image\" data-thumbnail=\"https:\/\/gregorgomboc.com\/wp-content\/uploads\/2025\/02\/230708_Katharina_und_Georg_214-2-768x1152.jpg\" data-width=\"768\" data-height=\"1152\" aria-label=\"First Look Braut und Vater\" role=\"img\" ><\/div>\n\t\t\t\t\t\t\t\t\t\t\t<div class=\"elementor-gallery-item__overlay\"><\/div>\n\t\t\t\t\t\t\t\t\t\t\t\t\t\t<\/a>\n\t\t\t\t\t\t\t<a class=\"e-gallery-item elementor-gallery-item elementor-animated-content\" href=\"https:\/\/gregorgomboc.com\/wp-content\/uploads\/2025\/02\/230708_Katharina_und_Georg_216-2.jpg\" data-elementor-open-lightbox=\"yes\" data-elementor-lightbox-slideshow=\"a8a3e0b\" data-elementor-lightbox-title=\"230708_Katharina_und_Georg_216\" data-e-action-hash=\"#elementor-action%3Aaction%3Dlightbox%26settings%3DeyJpZCI6NTQxNiwidXJsIjoiaHR0cHM6XC9cL2dyZWdvcmdvbWJvYy5jb21cL3dwLWNvbnRlbnRcL3VwbG9hZHNcLzIwMjVcLzAyXC8yMzA3MDhfS2F0aGFyaW5hX3VuZF9HZW9yZ18yMTYtMi5qcGciLCJzbGlkZXNob3ciOiJhOGEzZTBiIn0%3D\">\n\t\t\t\t\t<div class=\"e-gallery-image elementor-gallery-item__image\" data-thumbnail=\"https:\/\/gregorgomboc.com\/wp-content\/uploads\/2025\/02\/230708_Katharina_und_Georg_216-2-768x512.jpg\" data-width=\"768\" data-height=\"512\" aria-label=\"Vater wischt die Tr\u00e4hnen der Braut\" role=\"img\" ><\/div>\n\t\t\t\t\t\t\t\t\t\t\t<div class=\"elementor-gallery-item__overlay\"><\/div>\n\t\t\t\t\t\t\t\t\t\t\t\t\t\t<\/a>\n\t\t\t\t\t\t\t<a class=\"e-gallery-item elementor-gallery-item elementor-animated-content\" href=\"https:\/\/gregorgomboc.com\/wp-content\/uploads\/2025\/02\/230708_Katharina_und_Georg_118-2.jpg\" data-elementor-open-lightbox=\"yes\" data-elementor-lightbox-slideshow=\"a8a3e0b\" data-elementor-lightbox-title=\"230708_Katharina_und_Georg_118\" data-e-action-hash=\"#elementor-action%3Aaction%3Dlightbox%26settings%3DeyJpZCI6NTM4OCwidXJsIjoiaHR0cHM6XC9cL2dyZWdvcmdvbWJvYy5jb21cL3dwLWNvbnRlbnRcL3VwbG9hZHNcLzIwMjVcLzAyXC8yMzA3MDhfS2F0aGFyaW5hX3VuZF9HZW9yZ18xMTgtMi5qcGciLCJzbGlkZXNob3ciOiJhOGEzZTBiIn0%3D\">\n\t\t\t\t\t<div class=\"e-gallery-image elementor-gallery-item__image\" data-thumbnail=\"https:\/\/gregorgomboc.com\/wp-content\/uploads\/2025\/02\/230708_Katharina_und_Georg_118-2-768x512.jpg\" data-width=\"768\" data-height=\"512\" aria-label=\"Hochzeit Heitaten Georgi Schloss Steiermark S\u00fcdsteiermark\" role=\"img\" ><\/div>\n\t\t\t\t\t\t\t\t\t\t\t<div class=\"elementor-gallery-item__overlay\"><\/div>\n\t\t\t\t\t\t\t\t\t\t\t\t\t\t<\/a>\n\t\t\t\t\t\t\t<a class=\"e-gallery-item elementor-gallery-item elementor-animated-content\" href=\"https:\/\/gregorgomboc.com\/wp-content\/uploads\/2025\/02\/230708_Katharina_und_Georg_120-2.jpg\" data-elementor-open-lightbox=\"yes\" data-elementor-lightbox-slideshow=\"a8a3e0b\" data-elementor-lightbox-title=\"230708_Katharina_und_Georg_120\" data-e-action-hash=\"#elementor-action%3Aaction%3Dlightbox%26settings%3DeyJpZCI6NTM5MCwidXJsIjoiaHR0cHM6XC9cL2dyZWdvcmdvbWJvYy5jb21cL3dwLWNvbnRlbnRcL3VwbG9hZHNcLzIwMjVcLzAyXC8yMzA3MDhfS2F0aGFyaW5hX3VuZF9HZW9yZ18xMjAtMi5qcGciLCJzbGlkZXNob3ciOiJhOGEzZTBiIn0%3D\">\n\t\t\t\t\t<div class=\"e-gallery-image elementor-gallery-item__image\" data-thumbnail=\"https:\/\/gregorgomboc.com\/wp-content\/uploads\/2025\/02\/230708_Katharina_und_Georg_120-2-768x512.jpg\" data-width=\"768\" data-height=\"512\" aria-label=\"Empfang der Hochzeitsg\u00e4ste bei Georgi Schloss\" role=\"img\" ><\/div>\n\t\t\t\t\t\t\t\t\t\t\t<div class=\"elementor-gallery-item__overlay\"><\/div>\n\t\t\t\t\t\t\t\t\t\t\t\t\t\t<\/a>\n\t\t\t\t\t\t\t<a class=\"e-gallery-item elementor-gallery-item elementor-animated-content\" href=\"https:\/\/gregorgomboc.com\/wp-content\/uploads\/2025\/02\/230708_Katharina_und_Georg_226-1.jpg\" data-elementor-open-lightbox=\"yes\" data-elementor-lightbox-slideshow=\"a8a3e0b\" data-elementor-lightbox-title=\"230708_Katharina_und_Georg_226\" data-e-action-hash=\"#elementor-action%3Aaction%3Dlightbox%26settings%3DeyJpZCI6NTQxOCwidXJsIjoiaHR0cHM6XC9cL2dyZWdvcmdvbWJvYy5jb21cL3dwLWNvbnRlbnRcL3VwbG9hZHNcLzIwMjVcLzAyXC8yMzA3MDhfS2F0aGFyaW5hX3VuZF9HZW9yZ18yMjYtMS5qcGciLCJzbGlkZXNob3ciOiJhOGEzZTBiIn0%3D\">\n\t\t\t\t\t<div class=\"e-gallery-image elementor-gallery-item__image\" data-thumbnail=\"https:\/\/gregorgomboc.com\/wp-content\/uploads\/2025\/02\/230708_Katharina_und_Georg_226-1-768x512.jpg\" data-width=\"768\" data-height=\"512\" aria-label=\"Braut auf dem Weg zu Kirche in Ehrenhausen\" role=\"img\" ><\/div>\n\t\t\t\t\t\t\t\t\t\t\t<div class=\"elementor-gallery-item__overlay\"><\/div>\n\t\t\t\t\t\t\t\t\t\t\t\t\t\t<\/a>\n\t\t\t\t\t\t\t<a class=\"e-gallery-item elementor-gallery-item elementor-animated-content\" href=\"https:\/\/gregorgomboc.com\/wp-content\/uploads\/2025\/02\/230708_Katharina_und_Georg_227-1.jpg\" data-elementor-open-lightbox=\"yes\" data-elementor-lightbox-slideshow=\"a8a3e0b\" data-elementor-lightbox-title=\"230708_Katharina_und_Georg_227\" data-e-action-hash=\"#elementor-action%3Aaction%3Dlightbox%26settings%3DeyJpZCI6NTQyMCwidXJsIjoiaHR0cHM6XC9cL2dyZWdvcmdvbWJvYy5jb21cL3dwLWNvbnRlbnRcL3VwbG9hZHNcLzIwMjVcLzAyXC8yMzA3MDhfS2F0aGFyaW5hX3VuZF9HZW9yZ18yMjctMS5qcGciLCJzbGlkZXNob3ciOiJhOGEzZTBiIn0%3D\">\n\t\t\t\t\t<div class=\"e-gallery-image elementor-gallery-item__image\" data-thumbnail=\"https:\/\/gregorgomboc.com\/wp-content\/uploads\/2025\/02\/230708_Katharina_und_Georg_227-1-768x512.jpg\" data-width=\"768\" data-height=\"512\" aria-label=\"Br\u00e4utigam erwartet vor dem Altar die Braut\" role=\"img\" ><\/div>\n\t\t\t\t\t\t\t\t\t\t\t<div class=\"elementor-gallery-item__overlay\"><\/div>\n\t\t\t\t\t\t\t\t\t\t\t\t\t\t<\/a>\n\t\t\t\t\t\t\t<a class=\"e-gallery-item elementor-gallery-item elementor-animated-content\" href=\"https:\/\/gregorgomboc.com\/wp-content\/uploads\/2025\/02\/230708_Katharina_und_Georg_230-1.jpg\" data-elementor-open-lightbox=\"yes\" data-elementor-lightbox-slideshow=\"a8a3e0b\" data-elementor-lightbox-title=\"230708_Katharina_und_Georg_230\" data-e-action-hash=\"#elementor-action%3Aaction%3Dlightbox%26settings%3DeyJpZCI6NTQyMiwidXJsIjoiaHR0cHM6XC9cL2dyZWdvcmdvbWJvYy5jb21cL3dwLWNvbnRlbnRcL3VwbG9hZHNcLzIwMjVcLzAyXC8yMzA3MDhfS2F0aGFyaW5hX3VuZF9HZW9yZ18yMzAtMS5qcGciLCJzbGlkZXNob3ciOiJhOGEzZTBiIn0%3D\">\n\t\t\t\t\t<div class=\"e-gallery-image elementor-gallery-item__image\" data-thumbnail=\"https:\/\/gregorgomboc.com\/wp-content\/uploads\/2025\/02\/230708_Katharina_und_Georg_230-1-768x512.jpg\" data-width=\"768\" data-height=\"512\" aria-label=\"Vater begleitet die Braut zum Altar\" role=\"img\" ><\/div>\n\t\t\t\t\t\t\t\t\t\t\t<div class=\"elementor-gallery-item__overlay\"><\/div>\n\t\t\t\t\t\t\t\t\t\t\t\t\t\t<\/a>\n\t\t\t\t\t\t\t<a class=\"e-gallery-item elementor-gallery-item elementor-animated-content\" href=\"https:\/\/gregorgomboc.com\/wp-content\/uploads\/2025\/02\/230708_Katharina_und_Georg_232.jpg\" data-elementor-open-lightbox=\"yes\" data-elementor-lightbox-slideshow=\"a8a3e0b\" data-elementor-lightbox-title=\"230708_Katharina_und_Georg_232\" data-e-action-hash=\"#elementor-action%3Aaction%3Dlightbox%26settings%3DeyJpZCI6NTQyNCwidXJsIjoiaHR0cHM6XC9cL2dyZWdvcmdvbWJvYy5jb21cL3dwLWNvbnRlbnRcL3VwbG9hZHNcLzIwMjVcLzAyXC8yMzA3MDhfS2F0aGFyaW5hX3VuZF9HZW9yZ18yMzIuanBnIiwic2xpZGVzaG93IjoiYThhM2UwYiJ9\">\n\t\t\t\t\t<div class=\"e-gallery-image elementor-gallery-item__image\" data-thumbnail=\"https:\/\/gregorgomboc.com\/wp-content\/uploads\/2025\/02\/230708_Katharina_und_Georg_232-768x512.jpg\" data-width=\"768\" data-height=\"512\" aria-label=\"Kirche Brauteinzug\" role=\"img\" ><\/div>\n\t\t\t\t\t\t\t\t\t\t\t<div class=\"elementor-gallery-item__overlay\"><\/div>\n\t\t\t\t\t\t\t\t\t\t\t\t\t\t<\/a>\n\t\t\t\t\t\t\t<a class=\"e-gallery-item elementor-gallery-item elementor-animated-content\" href=\"https:\/\/gregorgomboc.com\/wp-content\/uploads\/2025\/02\/230708_Katharina_und_Georg_235.jpg\" data-elementor-open-lightbox=\"yes\" data-elementor-lightbox-slideshow=\"a8a3e0b\" data-elementor-lightbox-title=\"230708_Katharina_und_Georg_235\" data-e-action-hash=\"#elementor-action%3Aaction%3Dlightbox%26settings%3DeyJpZCI6NTQyNiwidXJsIjoiaHR0cHM6XC9cL2dyZWdvcmdvbWJvYy5jb21cL3dwLWNvbnRlbnRcL3VwbG9hZHNcLzIwMjVcLzAyXC8yMzA3MDhfS2F0aGFyaW5hX3VuZF9HZW9yZ18yMzUuanBnIiwic2xpZGVzaG93IjoiYThhM2UwYiJ9\">\n\t\t\t\t\t<div class=\"e-gallery-image elementor-gallery-item__image\" data-thumbnail=\"https:\/\/gregorgomboc.com\/wp-content\/uploads\/2025\/02\/230708_Katharina_und_Georg_235-768x512.jpg\" data-width=\"768\" data-height=\"512\" aria-label=\"Br\u00e4utigam schaut in richtung Braut\" role=\"img\" ><\/div>\n\t\t\t\t\t\t\t\t\t\t\t<div class=\"elementor-gallery-item__overlay\"><\/div>\n\t\t\t\t\t\t\t\t\t\t\t\t\t\t<\/a>\n\t\t\t\t\t\t\t<a class=\"e-gallery-item elementor-gallery-item elementor-animated-content\" href=\"https:\/\/gregorgomboc.com\/wp-content\/uploads\/2025\/02\/230708_Katharina_und_Georg_236.jpg\" data-elementor-open-lightbox=\"yes\" data-elementor-lightbox-slideshow=\"a8a3e0b\" data-elementor-lightbox-title=\"230708_Katharina_und_Georg_236\" data-e-action-hash=\"#elementor-action%3Aaction%3Dlightbox%26settings%3DeyJpZCI6NTQyOCwidXJsIjoiaHR0cHM6XC9cL2dyZWdvcmdvbWJvYy5jb21cL3dwLWNvbnRlbnRcL3VwbG9hZHNcLzIwMjVcLzAyXC8yMzA3MDhfS2F0aGFyaW5hX3VuZF9HZW9yZ18yMzYuanBnIiwic2xpZGVzaG93IjoiYThhM2UwYiJ9\">\n\t\t\t\t\t<div class=\"e-gallery-image elementor-gallery-item__image\" data-thumbnail=\"https:\/\/gregorgomboc.com\/wp-content\/uploads\/2025\/02\/230708_Katharina_und_Georg_236-768x512.jpg\" data-width=\"768\" data-height=\"512\" aria-label=\"Musiker spielen auf dem Chor w\u00e4hrend der Trauuzeremonie\" role=\"img\" ><\/div>\n\t\t\t\t\t\t\t\t\t\t\t<div class=\"elementor-gallery-item__overlay\"><\/div>\n\t\t\t\t\t\t\t\t\t\t\t\t\t\t<\/a>\n\t\t\t\t\t\t\t<a class=\"e-gallery-item elementor-gallery-item elementor-animated-content\" href=\"https:\/\/gregorgomboc.com\/wp-content\/uploads\/2025\/02\/230708_Katharina_und_Georg_240.jpg\" data-elementor-open-lightbox=\"yes\" data-elementor-lightbox-slideshow=\"a8a3e0b\" data-elementor-lightbox-title=\"230708_Katharina_und_Georg_240\" data-e-action-hash=\"#elementor-action%3Aaction%3Dlightbox%26settings%3DeyJpZCI6NTQzMCwidXJsIjoiaHR0cHM6XC9cL2dyZWdvcmdvbWJvYy5jb21cL3dwLWNvbnRlbnRcL3VwbG9hZHNcLzIwMjVcLzAyXC8yMzA3MDhfS2F0aGFyaW5hX3VuZF9HZW9yZ18yNDAuanBnIiwic2xpZGVzaG93IjoiYThhM2UwYiJ9\">\n\t\t\t\t\t<div class=\"e-gallery-image elementor-gallery-item__image\" data-thumbnail=\"https:\/\/gregorgomboc.com\/wp-content\/uploads\/2025\/02\/230708_Katharina_und_Georg_240-768x512.jpg\" data-width=\"768\" data-height=\"512\" aria-label=\"Musiknoten\" role=\"img\" ><\/div>\n\t\t\t\t\t\t\t\t\t\t\t<div class=\"elementor-gallery-item__overlay\"><\/div>\n\t\t\t\t\t\t\t\t\t\t\t\t\t\t<\/a>\n\t\t\t\t\t\t\t<a class=\"e-gallery-item elementor-gallery-item elementor-animated-content\" href=\"https:\/\/gregorgomboc.com\/wp-content\/uploads\/2025\/02\/230708_Katharina_und_Georg_244.jpg\" data-elementor-open-lightbox=\"yes\" data-elementor-lightbox-slideshow=\"a8a3e0b\" data-elementor-lightbox-title=\"230708_Katharina_und_Georg_244\" data-e-action-hash=\"#elementor-action%3Aaction%3Dlightbox%26settings%3DeyJpZCI6NTQzMiwidXJsIjoiaHR0cHM6XC9cL2dyZWdvcmdvbWJvYy5jb21cL3dwLWNvbnRlbnRcL3VwbG9hZHNcLzIwMjVcLzAyXC8yMzA3MDhfS2F0aGFyaW5hX3VuZF9HZW9yZ18yNDQuanBnIiwic2xpZGVzaG93IjoiYThhM2UwYiJ9\">\n\t\t\t\t\t<div class=\"e-gallery-image elementor-gallery-item__image\" data-thumbnail=\"https:\/\/gregorgomboc.com\/wp-content\/uploads\/2025\/02\/230708_Katharina_und_Georg_244-768x512.jpg\" data-width=\"768\" data-height=\"512\" aria-label=\"Erenhausen Kirche Kirchliche Trauung in der S\u00fcdsteiermark\" role=\"img\" ><\/div>\n\t\t\t\t\t\t\t\t\t\t\t<div class=\"elementor-gallery-item__overlay\"><\/div>\n\t\t\t\t\t\t\t\t\t\t\t\t\t\t<\/a>\n\t\t\t\t\t\t\t<a class=\"e-gallery-item elementor-gallery-item elementor-animated-content\" href=\"https:\/\/gregorgomboc.com\/wp-content\/uploads\/2025\/02\/230708_Katharina_und_Georg_261.jpg\" data-elementor-open-lightbox=\"yes\" data-elementor-lightbox-slideshow=\"a8a3e0b\" data-elementor-lightbox-title=\"230708_Katharina_und_Georg_261\" data-e-action-hash=\"#elementor-action%3Aaction%3Dlightbox%26settings%3DeyJpZCI6NTQzNCwidXJsIjoiaHR0cHM6XC9cL2dyZWdvcmdvbWJvYy5jb21cL3dwLWNvbnRlbnRcL3VwbG9hZHNcLzIwMjVcLzAyXC8yMzA3MDhfS2F0aGFyaW5hX3VuZF9HZW9yZ18yNjEuanBnIiwic2xpZGVzaG93IjoiYThhM2UwYiJ9\">\n\t\t\t\t\t<div class=\"e-gallery-image elementor-gallery-item__image\" data-thumbnail=\"https:\/\/gregorgomboc.com\/wp-content\/uploads\/2025\/02\/230708_Katharina_und_Georg_261-768x512.jpg\" data-width=\"768\" data-height=\"512\" aria-label=\"Kirchliche Trauung in der Pfarrkirche in Ehrenhausen\" role=\"img\" ><\/div>\n\t\t\t\t\t\t\t\t\t\t\t<div class=\"elementor-gallery-item__overlay\"><\/div>\n\t\t\t\t\t\t\t\t\t\t\t\t\t\t<\/a>\n\t\t\t\t\t\t\t<a class=\"e-gallery-item elementor-gallery-item elementor-animated-content\" href=\"https:\/\/gregorgomboc.com\/wp-content\/uploads\/2025\/02\/230708_Katharina_und_Georg_263.jpg\" data-elementor-open-lightbox=\"yes\" data-elementor-lightbox-slideshow=\"a8a3e0b\" data-elementor-lightbox-title=\"230708_Katharina_und_Georg_263\" data-e-action-hash=\"#elementor-action%3Aaction%3Dlightbox%26settings%3DeyJpZCI6NTQzNiwidXJsIjoiaHR0cHM6XC9cL2dyZWdvcmdvbWJvYy5jb21cL3dwLWNvbnRlbnRcL3VwbG9hZHNcLzIwMjVcLzAyXC8yMzA3MDhfS2F0aGFyaW5hX3VuZF9HZW9yZ18yNjMuanBnIiwic2xpZGVzaG93IjoiYThhM2UwYiJ9\">\n\t\t\t\t\t<div class=\"e-gallery-image elementor-gallery-item__image\" data-thumbnail=\"https:\/\/gregorgomboc.com\/wp-content\/uploads\/2025\/02\/230708_Katharina_und_Georg_263-768x512.jpg\" data-width=\"768\" data-height=\"512\" aria-label=\"H\u00e4nde halten w\u00e4hrend der Trauzeremonie\" role=\"img\" ><\/div>\n\t\t\t\t\t\t\t\t\t\t\t<div class=\"elementor-gallery-item__overlay\"><\/div>\n\t\t\t\t\t\t\t\t\t\t\t\t\t\t<\/a>\n\t\t\t\t\t\t\t<a class=\"e-gallery-item elementor-gallery-item elementor-animated-content\" href=\"https:\/\/gregorgomboc.com\/wp-content\/uploads\/2025\/02\/230708_Katharina_und_Georg_286.jpg\" data-elementor-open-lightbox=\"yes\" data-elementor-lightbox-slideshow=\"a8a3e0b\" data-elementor-lightbox-title=\"230708_Katharina_und_Georg_286\" data-e-action-hash=\"#elementor-action%3Aaction%3Dlightbox%26settings%3DeyJpZCI6NTQzOCwidXJsIjoiaHR0cHM6XC9cL2dyZWdvcmdvbWJvYy5jb21cL3dwLWNvbnRlbnRcL3VwbG9hZHNcLzIwMjVcLzAyXC8yMzA3MDhfS2F0aGFyaW5hX3VuZF9HZW9yZ18yODYuanBnIiwic2xpZGVzaG93IjoiYThhM2UwYiJ9\">\n\t\t\t\t\t<div class=\"e-gallery-image elementor-gallery-item__image\" data-thumbnail=\"https:\/\/gregorgomboc.com\/wp-content\/uploads\/2025\/02\/230708_Katharina_und_Georg_286-768x512.jpg\" data-width=\"768\" data-height=\"512\" aria-label=\"Kirchlich heiraten\" role=\"img\" ><\/div>\n\t\t\t\t\t\t\t\t\t\t\t<div class=\"elementor-gallery-item__overlay\"><\/div>\n\t\t\t\t\t\t\t\t\t\t\t\t\t\t<\/a>\n\t\t\t\t\t\t\t<a class=\"e-gallery-item elementor-gallery-item elementor-animated-content\" href=\"https:\/\/gregorgomboc.com\/wp-content\/uploads\/2025\/02\/230708_Katharina_und_Georg_293.jpg\" data-elementor-open-lightbox=\"yes\" data-elementor-lightbox-slideshow=\"a8a3e0b\" data-elementor-lightbox-title=\"230708_Katharina_und_Georg_293\" data-e-action-hash=\"#elementor-action%3Aaction%3Dlightbox%26settings%3DeyJpZCI6NTQ0MCwidXJsIjoiaHR0cHM6XC9cL2dyZWdvcmdvbWJvYy5jb21cL3dwLWNvbnRlbnRcL3VwbG9hZHNcLzIwMjVcLzAyXC8yMzA3MDhfS2F0aGFyaW5hX3VuZF9HZW9yZ18yOTMuanBnIiwic2xpZGVzaG93IjoiYThhM2UwYiJ9\">\n\t\t\t\t\t<div class=\"e-gallery-image elementor-gallery-item__image\" data-thumbnail=\"https:\/\/gregorgomboc.com\/wp-content\/uploads\/2025\/02\/230708_Katharina_und_Georg_293-768x512.jpg\" data-width=\"768\" data-height=\"512\" aria-label=\"Ehegel\u00fcbte\" role=\"img\" ><\/div>\n\t\t\t\t\t\t\t\t\t\t\t<div class=\"elementor-gallery-item__overlay\"><\/div>\n\t\t\t\t\t\t\t\t\t\t\t\t\t\t<\/a>\n\t\t\t\t\t\t\t<a class=\"e-gallery-item elementor-gallery-item elementor-animated-content\" href=\"https:\/\/gregorgomboc.com\/wp-content\/uploads\/2025\/02\/230708_Katharina_und_Georg_296.jpg\" data-elementor-open-lightbox=\"yes\" data-elementor-lightbox-slideshow=\"a8a3e0b\" data-elementor-lightbox-title=\"230708_Katharina_und_Georg_296\" data-e-action-hash=\"#elementor-action%3Aaction%3Dlightbox%26settings%3DeyJpZCI6NTQ0MiwidXJsIjoiaHR0cHM6XC9cL2dyZWdvcmdvbWJvYy5jb21cL3dwLWNvbnRlbnRcL3VwbG9hZHNcLzIwMjVcLzAyXC8yMzA3MDhfS2F0aGFyaW5hX3VuZF9HZW9yZ18yOTYuanBnIiwic2xpZGVzaG93IjoiYThhM2UwYiJ9\">\n\t\t\t\t\t<div class=\"e-gallery-image elementor-gallery-item__image\" data-thumbnail=\"https:\/\/gregorgomboc.com\/wp-content\/uploads\/2025\/02\/230708_Katharina_und_Georg_296-768x512.jpg\" data-width=\"768\" data-height=\"512\" aria-label=\"Tausch der Eheringe bei einer kirclichen Hochzeitszeremonie\" role=\"img\" ><\/div>\n\t\t\t\t\t\t\t\t\t\t\t<div class=\"elementor-gallery-item__overlay\"><\/div>\n\t\t\t\t\t\t\t\t\t\t\t\t\t\t<\/a>\n\t\t\t\t\t\t\t<a class=\"e-gallery-item elementor-gallery-item elementor-animated-content\" href=\"https:\/\/gregorgomboc.com\/wp-content\/uploads\/2025\/02\/230708_Katharina_und_Georg_298.jpg\" data-elementor-open-lightbox=\"yes\" data-elementor-lightbox-slideshow=\"a8a3e0b\" data-elementor-lightbox-title=\"230708_Katharina_und_Georg_298\" data-e-action-hash=\"#elementor-action%3Aaction%3Dlightbox%26settings%3DeyJpZCI6NTQ0NCwidXJsIjoiaHR0cHM6XC9cL2dyZWdvcmdvbWJvYy5jb21cL3dwLWNvbnRlbnRcL3VwbG9hZHNcLzIwMjVcLzAyXC8yMzA3MDhfS2F0aGFyaW5hX3VuZF9HZW9yZ18yOTguanBnIiwic2xpZGVzaG93IjoiYThhM2UwYiJ9\">\n\t\t\t\t\t<div class=\"e-gallery-image elementor-gallery-item__image\" data-thumbnail=\"https:\/\/gregorgomboc.com\/wp-content\/uploads\/2025\/02\/230708_Katharina_und_Georg_298-768x512.jpg\" data-width=\"768\" data-height=\"512\" aria-label=\"Erster Kuss bei der Trauung\" role=\"img\" ><\/div>\n\t\t\t\t\t\t\t\t\t\t\t<div class=\"elementor-gallery-item__overlay\"><\/div>\n\t\t\t\t\t\t\t\t\t\t\t\t\t\t<\/a>\n\t\t\t\t\t\t\t<a class=\"e-gallery-item elementor-gallery-item elementor-animated-content\" href=\"https:\/\/gregorgomboc.com\/wp-content\/uploads\/2025\/02\/230708_Katharina_und_Georg_312.jpg\" data-elementor-open-lightbox=\"yes\" data-elementor-lightbox-slideshow=\"a8a3e0b\" data-elementor-lightbox-title=\"230708_Katharina_und_Georg_312\" data-e-action-hash=\"#elementor-action%3Aaction%3Dlightbox%26settings%3DeyJpZCI6NTQ0OCwidXJsIjoiaHR0cHM6XC9cL2dyZWdvcmdvbWJvYy5jb21cL3dwLWNvbnRlbnRcL3VwbG9hZHNcLzIwMjVcLzAyXC8yMzA3MDhfS2F0aGFyaW5hX3VuZF9HZW9yZ18zMTIuanBnIiwic2xpZGVzaG93IjoiYThhM2UwYiJ9\">\n\t\t\t\t\t<div class=\"e-gallery-image elementor-gallery-item__image\" data-thumbnail=\"https:\/\/gregorgomboc.com\/wp-content\/uploads\/2025\/02\/230708_Katharina_und_Georg_312-768x512.jpg\" data-width=\"768\" data-height=\"512\" aria-label=\"Hochzeitskerze wird angez\u00fcndet\" role=\"img\" ><\/div>\n\t\t\t\t\t\t\t\t\t\t\t<div class=\"elementor-gallery-item__overlay\"><\/div>\n\t\t\t\t\t\t\t\t\t\t\t\t\t\t<\/a>\n\t\t\t\t\t\t\t<a class=\"e-gallery-item elementor-gallery-item elementor-animated-content\" href=\"https:\/\/gregorgomboc.com\/wp-content\/uploads\/2025\/02\/230708_Katharina_und_Georg_309.jpg\" data-elementor-open-lightbox=\"yes\" data-elementor-lightbox-slideshow=\"a8a3e0b\" data-elementor-lightbox-title=\"230708_Katharina_und_Georg_309\" data-e-action-hash=\"#elementor-action%3Aaction%3Dlightbox%26settings%3DeyJpZCI6NTQ0NiwidXJsIjoiaHR0cHM6XC9cL2dyZWdvcmdvbWJvYy5jb21cL3dwLWNvbnRlbnRcL3VwbG9hZHNcLzIwMjVcLzAyXC8yMzA3MDhfS2F0aGFyaW5hX3VuZF9HZW9yZ18zMDkuanBnIiwic2xpZGVzaG93IjoiYThhM2UwYiJ9\">\n\t\t\t\t\t<div class=\"e-gallery-image elementor-gallery-item__image\" data-thumbnail=\"https:\/\/gregorgomboc.com\/wp-content\/uploads\/2025\/02\/230708_Katharina_und_Georg_309-768x512.jpg\" data-width=\"768\" data-height=\"512\" aria-label=\"Kirchliche Hochzeit in der Steiermark\" role=\"img\" ><\/div>\n\t\t\t\t\t\t\t\t\t\t\t<div class=\"elementor-gallery-item__overlay\"><\/div>\n\t\t\t\t\t\t\t\t\t\t\t\t\t\t<\/a>\n\t\t\t\t\t\t\t<a class=\"e-gallery-item elementor-gallery-item elementor-animated-content\" href=\"https:\/\/gregorgomboc.com\/wp-content\/uploads\/2025\/02\/230708_Katharina_und_Georg_318.jpg\" data-elementor-open-lightbox=\"yes\" data-elementor-lightbox-slideshow=\"a8a3e0b\" data-elementor-lightbox-title=\"230708_Katharina_und_Georg_318\" data-e-action-hash=\"#elementor-action%3Aaction%3Dlightbox%26settings%3DeyJpZCI6NTQ1MCwidXJsIjoiaHR0cHM6XC9cL2dyZWdvcmdvbWJvYy5jb21cL3dwLWNvbnRlbnRcL3VwbG9hZHNcLzIwMjVcLzAyXC8yMzA3MDhfS2F0aGFyaW5hX3VuZF9HZW9yZ18zMTguanBnIiwic2xpZGVzaG93IjoiYThhM2UwYiJ9\">\n\t\t\t\t\t<div class=\"e-gallery-image elementor-gallery-item__image\" data-thumbnail=\"https:\/\/gregorgomboc.com\/wp-content\/uploads\/2025\/02\/230708_Katharina_und_Georg_318-768x512.jpg\" data-width=\"768\" data-height=\"512\" aria-label=\"Kor Kirche Musik\" role=\"img\" ><\/div>\n\t\t\t\t\t\t\t\t\t\t\t<div class=\"elementor-gallery-item__overlay\"><\/div>\n\t\t\t\t\t\t\t\t\t\t\t\t\t\t<\/a>\n\t\t\t\t\t\t\t<a class=\"e-gallery-item elementor-gallery-item elementor-animated-content\" href=\"https:\/\/gregorgomboc.com\/wp-content\/uploads\/2025\/02\/230708_Katharina_und_Georg_327.jpg\" data-elementor-open-lightbox=\"yes\" data-elementor-lightbox-slideshow=\"a8a3e0b\" data-elementor-lightbox-title=\"230708_Katharina_und_Georg_327\" data-e-action-hash=\"#elementor-action%3Aaction%3Dlightbox%26settings%3DeyJpZCI6NTQ1MiwidXJsIjoiaHR0cHM6XC9cL2dyZWdvcmdvbWJvYy5jb21cL3dwLWNvbnRlbnRcL3VwbG9hZHNcLzIwMjVcLzAyXC8yMzA3MDhfS2F0aGFyaW5hX3VuZF9HZW9yZ18zMjcuanBnIiwic2xpZGVzaG93IjoiYThhM2UwYiJ9\">\n\t\t\t\t\t<div class=\"e-gallery-image elementor-gallery-item__image\" data-thumbnail=\"https:\/\/gregorgomboc.com\/wp-content\/uploads\/2025\/02\/230708_Katharina_und_Georg_327-768x512.jpg\" data-width=\"768\" data-height=\"512\" aria-label=\"Braut Hochzeitszeremonie Kelich Wein\" role=\"img\" ><\/div>\n\t\t\t\t\t\t\t\t\t\t\t<div class=\"elementor-gallery-item__overlay\"><\/div>\n\t\t\t\t\t\t\t\t\t\t\t\t\t\t<\/a>\n\t\t\t\t\t\t\t<a class=\"e-gallery-item elementor-gallery-item elementor-animated-content\" href=\"https:\/\/gregorgomboc.com\/wp-content\/uploads\/2025\/02\/230708_Katharina_und_Georg_338.jpg\" data-elementor-open-lightbox=\"yes\" data-elementor-lightbox-slideshow=\"a8a3e0b\" data-elementor-lightbox-title=\"230708_Katharina_und_Georg_338\" data-e-action-hash=\"#elementor-action%3Aaction%3Dlightbox%26settings%3DeyJpZCI6NTQ1NCwidXJsIjoiaHR0cHM6XC9cL2dyZWdvcmdvbWJvYy5jb21cL3dwLWNvbnRlbnRcL3VwbG9hZHNcLzIwMjVcLzAyXC8yMzA3MDhfS2F0aGFyaW5hX3VuZF9HZW9yZ18zMzguanBnIiwic2xpZGVzaG93IjoiYThhM2UwYiJ9\">\n\t\t\t\t\t<div class=\"e-gallery-image elementor-gallery-item__image\" data-thumbnail=\"https:\/\/gregorgomboc.com\/wp-content\/uploads\/2025\/02\/230708_Katharina_und_Georg_338-768x512.jpg\" data-width=\"768\" data-height=\"512\" aria-label=\"Kirche Ehepaar Auszug\" role=\"img\" ><\/div>\n\t\t\t\t\t\t\t\t\t\t\t<div class=\"elementor-gallery-item__overlay\"><\/div>\n\t\t\t\t\t\t\t\t\t\t\t\t\t\t<\/a>\n\t\t\t\t\t\t\t<a class=\"e-gallery-item elementor-gallery-item elementor-animated-content\" href=\"https:\/\/gregorgomboc.com\/wp-content\/uploads\/2025\/02\/230708_Katharina_und_Georg_340.jpg\" data-elementor-open-lightbox=\"yes\" data-elementor-lightbox-slideshow=\"a8a3e0b\" data-elementor-lightbox-title=\"230708_Katharina_und_Georg_340\" data-e-action-hash=\"#elementor-action%3Aaction%3Dlightbox%26settings%3DeyJpZCI6NTQ1NiwidXJsIjoiaHR0cHM6XC9cL2dyZWdvcmdvbWJvYy5jb21cL3dwLWNvbnRlbnRcL3VwbG9hZHNcLzIwMjVcLzAyXC8yMzA3MDhfS2F0aGFyaW5hX3VuZF9HZW9yZ18zNDAuanBnIiwic2xpZGVzaG93IjoiYThhM2UwYiJ9\">\n\t\t\t\t\t<div class=\"e-gallery-image elementor-gallery-item__image\" data-thumbnail=\"https:\/\/gregorgomboc.com\/wp-content\/uploads\/2025\/02\/230708_Katharina_und_Georg_340-768x512.jpg\" data-width=\"768\" data-height=\"512\" aria-label=\"Das Brautpaar vor der Kirche\" role=\"img\" ><\/div>\n\t\t\t\t\t\t\t\t\t\t\t<div class=\"elementor-gallery-item__overlay\"><\/div>\n\t\t\t\t\t\t\t\t\t\t\t\t\t\t<\/a>\n\t\t\t\t\t\t\t<a class=\"e-gallery-item elementor-gallery-item elementor-animated-content\" href=\"https:\/\/gregorgomboc.com\/wp-content\/uploads\/2025\/02\/230708_Katharina_und_Georg_371.jpg\" data-elementor-open-lightbox=\"yes\" data-elementor-lightbox-slideshow=\"a8a3e0b\" data-elementor-lightbox-title=\"230708_Katharina_und_Georg_371\" data-e-action-hash=\"#elementor-action%3Aaction%3Dlightbox%26settings%3DeyJpZCI6NTQ1OCwidXJsIjoiaHR0cHM6XC9cL2dyZWdvcmdvbWJvYy5jb21cL3dwLWNvbnRlbnRcL3VwbG9hZHNcLzIwMjVcLzAyXC8yMzA3MDhfS2F0aGFyaW5hX3VuZF9HZW9yZ18zNzEuanBnIiwic2xpZGVzaG93IjoiYThhM2UwYiJ9\">\n\t\t\t\t\t<div class=\"e-gallery-image elementor-gallery-item__image\" data-thumbnail=\"https:\/\/gregorgomboc.com\/wp-content\/uploads\/2025\/02\/230708_Katharina_und_Georg_371-768x512.jpg\" data-width=\"768\" data-height=\"512\" aria-label=\"Hochzeitsgratulationen und Gesch\u00e4nk \u00dcbergabe\" role=\"img\" ><\/div>\n\t\t\t\t\t\t\t\t\t\t\t<div class=\"elementor-gallery-item__overlay\"><\/div>\n\t\t\t\t\t\t\t\t\t\t\t\t\t\t<\/a>\n\t\t\t\t\t\t\t<a class=\"e-gallery-item elementor-gallery-item elementor-animated-content\" href=\"https:\/\/gregorgomboc.com\/wp-content\/uploads\/2025\/02\/230708_Katharina_und_Georg_398.jpg\" data-elementor-open-lightbox=\"yes\" data-elementor-lightbox-slideshow=\"a8a3e0b\" data-elementor-lightbox-title=\"230708_Katharina_und_Georg_398\" data-e-action-hash=\"#elementor-action%3Aaction%3Dlightbox%26settings%3DeyJpZCI6NTQ2MCwidXJsIjoiaHR0cHM6XC9cL2dyZWdvcmdvbWJvYy5jb21cL3dwLWNvbnRlbnRcL3VwbG9hZHNcLzIwMjVcLzAyXC8yMzA3MDhfS2F0aGFyaW5hX3VuZF9HZW9yZ18zOTguanBnIiwic2xpZGVzaG93IjoiYThhM2UwYiJ9\">\n\t\t\t\t\t<div class=\"e-gallery-image elementor-gallery-item__image\" data-thumbnail=\"https:\/\/gregorgomboc.com\/wp-content\/uploads\/2025\/02\/230708_Katharina_und_Georg_398-768x512.jpg\" data-width=\"768\" data-height=\"512\" aria-label=\"Br\u00e4utigam Portrait\" role=\"img\" ><\/div>\n\t\t\t\t\t\t\t\t\t\t\t<div class=\"elementor-gallery-item__overlay\"><\/div>\n\t\t\t\t\t\t\t\t\t\t\t\t\t\t<\/a>\n\t\t\t\t\t\t\t<a class=\"e-gallery-item elementor-gallery-item elementor-animated-content\" href=\"https:\/\/gregorgomboc.com\/wp-content\/uploads\/2025\/02\/230708_Katharina_und_Georg_399.jpg\" data-elementor-open-lightbox=\"yes\" data-elementor-lightbox-slideshow=\"a8a3e0b\" data-elementor-lightbox-title=\"230708_Katharina_und_Georg_399\" data-e-action-hash=\"#elementor-action%3Aaction%3Dlightbox%26settings%3DeyJpZCI6NTQ2MiwidXJsIjoiaHR0cHM6XC9cL2dyZWdvcmdvbWJvYy5jb21cL3dwLWNvbnRlbnRcL3VwbG9hZHNcLzIwMjVcLzAyXC8yMzA3MDhfS2F0aGFyaW5hX3VuZF9HZW9yZ18zOTkuanBnIiwic2xpZGVzaG93IjoiYThhM2UwYiJ9\">\n\t\t\t\t\t<div class=\"e-gallery-image elementor-gallery-item__image\" data-thumbnail=\"https:\/\/gregorgomboc.com\/wp-content\/uploads\/2025\/02\/230708_Katharina_und_Georg_399-768x1152.jpg\" data-width=\"768\" data-height=\"1152\" aria-label=\"Brautportrait\" role=\"img\" ><\/div>\n\t\t\t\t\t\t\t\t\t\t\t<div class=\"elementor-gallery-item__overlay\"><\/div>\n\t\t\t\t\t\t\t\t\t\t\t\t\t\t<\/a>\n\t\t\t\t\t\t\t<a class=\"e-gallery-item elementor-gallery-item elementor-animated-content\" href=\"https:\/\/gregorgomboc.com\/wp-content\/uploads\/2025\/02\/230708_Katharina_und_Georg_404.jpg\" data-elementor-open-lightbox=\"yes\" data-elementor-lightbox-slideshow=\"a8a3e0b\" data-elementor-lightbox-title=\"230708_Katharina_und_Georg_404\" data-e-action-hash=\"#elementor-action%3Aaction%3Dlightbox%26settings%3DeyJpZCI6NTQ2NCwidXJsIjoiaHR0cHM6XC9cL2dyZWdvcmdvbWJvYy5jb21cL3dwLWNvbnRlbnRcL3VwbG9hZHNcLzIwMjVcLzAyXC8yMzA3MDhfS2F0aGFyaW5hX3VuZF9HZW9yZ180MDQuanBnIiwic2xpZGVzaG93IjoiYThhM2UwYiJ9\">\n\t\t\t\t\t<div class=\"e-gallery-image elementor-gallery-item__image\" data-thumbnail=\"https:\/\/gregorgomboc.com\/wp-content\/uploads\/2025\/02\/230708_Katharina_und_Georg_404-768x1152.jpg\" data-width=\"768\" data-height=\"1152\" aria-label=\"Hochzeitsfotos Georgi Schloss\" role=\"img\" ><\/div>\n\t\t\t\t\t\t\t\t\t\t\t<div class=\"elementor-gallery-item__overlay\"><\/div>\n\t\t\t\t\t\t\t\t\t\t\t\t\t\t<\/a>\n\t\t\t\t\t\t\t<a class=\"e-gallery-item elementor-gallery-item elementor-animated-content\" href=\"https:\/\/gregorgomboc.com\/wp-content\/uploads\/2025\/02\/230708_Katharina_und_Georg_407.jpg\" data-elementor-open-lightbox=\"yes\" data-elementor-lightbox-slideshow=\"a8a3e0b\" data-elementor-lightbox-title=\"230708_Katharina_und_Georg_407\" data-e-action-hash=\"#elementor-action%3Aaction%3Dlightbox%26settings%3DeyJpZCI6NTQ2NiwidXJsIjoiaHR0cHM6XC9cL2dyZWdvcmdvbWJvYy5jb21cL3dwLWNvbnRlbnRcL3VwbG9hZHNcLzIwMjVcLzAyXC8yMzA3MDhfS2F0aGFyaW5hX3VuZF9HZW9yZ180MDcuanBnIiwic2xpZGVzaG93IjoiYThhM2UwYiJ9\">\n\t\t\t\t\t<div class=\"e-gallery-image elementor-gallery-item__image\" data-thumbnail=\"https:\/\/gregorgomboc.com\/wp-content\/uploads\/2025\/02\/230708_Katharina_und_Georg_407-768x512.jpg\" data-width=\"768\" data-height=\"512\" aria-label=\"Ehepaar vior einer Holzwand bei Georgi Schloss\" role=\"img\" ><\/div>\n\t\t\t\t\t\t\t\t\t\t\t<div class=\"elementor-gallery-item__overlay\"><\/div>\n\t\t\t\t\t\t\t\t\t\t\t\t\t\t<\/a>\n\t\t\t\t\t\t\t<a class=\"e-gallery-item elementor-gallery-item elementor-animated-content\" href=\"https:\/\/gregorgomboc.com\/wp-content\/uploads\/2025\/02\/230708_Katharina_und_Georg_426.jpg\" data-elementor-open-lightbox=\"yes\" data-elementor-lightbox-slideshow=\"a8a3e0b\" data-elementor-lightbox-title=\"230708_Katharina_und_Georg_426\" data-e-action-hash=\"#elementor-action%3Aaction%3Dlightbox%26settings%3DeyJpZCI6NTQ2OCwidXJsIjoiaHR0cHM6XC9cL2dyZWdvcmdvbWJvYy5jb21cL3dwLWNvbnRlbnRcL3VwbG9hZHNcLzIwMjVcLzAyXC8yMzA3MDhfS2F0aGFyaW5hX3VuZF9HZW9yZ180MjYuanBnIiwic2xpZGVzaG93IjoiYThhM2UwYiJ9\">\n\t\t\t\t\t<div class=\"e-gallery-image elementor-gallery-item__image\" data-thumbnail=\"https:\/\/gregorgomboc.com\/wp-content\/uploads\/2025\/02\/230708_Katharina_und_Georg_426-768x512.jpg\" data-width=\"768\" data-height=\"512\" aria-label=\"Ehepaar schleier Kuss Sinlich\" role=\"img\" ><\/div>\n\t\t\t\t\t\t\t\t\t\t\t<div class=\"elementor-gallery-item__overlay\"><\/div>\n\t\t\t\t\t\t\t\t\t\t\t\t\t\t<\/a>\n\t\t\t\t\t\t\t<a class=\"e-gallery-item elementor-gallery-item elementor-animated-content\" href=\"https:\/\/gregorgomboc.com\/wp-content\/uploads\/2025\/02\/230708_Katharina_und_Georg_460.jpg\" data-elementor-open-lightbox=\"yes\" data-elementor-lightbox-slideshow=\"a8a3e0b\" data-elementor-lightbox-title=\"230708_Katharina_und_Georg_460\" data-e-action-hash=\"#elementor-action%3Aaction%3Dlightbox%26settings%3DeyJpZCI6NTQ3MiwidXJsIjoiaHR0cHM6XC9cL2dyZWdvcmdvbWJvYy5jb21cL3dwLWNvbnRlbnRcL3VwbG9hZHNcLzIwMjVcLzAyXC8yMzA3MDhfS2F0aGFyaW5hX3VuZF9HZW9yZ180NjAuanBnIiwic2xpZGVzaG93IjoiYThhM2UwYiJ9\">\n\t\t\t\t\t<div class=\"e-gallery-image elementor-gallery-item__image\" data-thumbnail=\"https:\/\/gregorgomboc.com\/wp-content\/uploads\/2025\/02\/230708_Katharina_und_Georg_460-768x512.jpg\" data-width=\"768\" data-height=\"512\" aria-label=\"Hochzeitstorte Georgi Schloss\" role=\"img\" ><\/div>\n\t\t\t\t\t\t\t\t\t\t\t<div class=\"elementor-gallery-item__overlay\"><\/div>\n\t\t\t\t\t\t\t\t\t\t\t\t\t\t<\/a>\n\t\t\t\t\t\t\t<a class=\"e-gallery-item elementor-gallery-item elementor-animated-content\" href=\"https:\/\/gregorgomboc.com\/wp-content\/uploads\/2025\/02\/230708_Katharina_und_Georg_463.jpg\" data-elementor-open-lightbox=\"yes\" data-elementor-lightbox-slideshow=\"a8a3e0b\" data-elementor-lightbox-title=\"230708_Katharina_und_Georg_463\" data-e-action-hash=\"#elementor-action%3Aaction%3Dlightbox%26settings%3DeyJpZCI6NTQ3NCwidXJsIjoiaHR0cHM6XC9cL2dyZWdvcmdvbWJvYy5jb21cL3dwLWNvbnRlbnRcL3VwbG9hZHNcLzIwMjVcLzAyXC8yMzA3MDhfS2F0aGFyaW5hX3VuZF9HZW9yZ180NjMuanBnIiwic2xpZGVzaG93IjoiYThhM2UwYiJ9\">\n\t\t\t\t\t<div class=\"e-gallery-image elementor-gallery-item__image\" data-thumbnail=\"https:\/\/gregorgomboc.com\/wp-content\/uploads\/2025\/02\/230708_Katharina_und_Georg_463-768x512.jpg\" data-width=\"768\" data-height=\"512\" aria-label=\"Hochzeitstorten Steiermark\" role=\"img\" ><\/div>\n\t\t\t\t\t\t\t\t\t\t\t<div class=\"elementor-gallery-item__overlay\"><\/div>\n\t\t\t\t\t\t\t\t\t\t\t\t\t\t<\/a>\n\t\t\t\t\t\t\t<a class=\"e-gallery-item elementor-gallery-item elementor-animated-content\" href=\"https:\/\/gregorgomboc.com\/wp-content\/uploads\/2025\/02\/230708_Katharina_und_Georg_478.jpg\" data-elementor-open-lightbox=\"yes\" data-elementor-lightbox-slideshow=\"a8a3e0b\" data-elementor-lightbox-title=\"230708_Katharina_und_Georg_478\" data-e-action-hash=\"#elementor-action%3Aaction%3Dlightbox%26settings%3DeyJpZCI6NTQ3NiwidXJsIjoiaHR0cHM6XC9cL2dyZWdvcmdvbWJvYy5jb21cL3dwLWNvbnRlbnRcL3VwbG9hZHNcLzIwMjVcLzAyXC8yMzA3MDhfS2F0aGFyaW5hX3VuZF9HZW9yZ180NzguanBnIiwic2xpZGVzaG93IjoiYThhM2UwYiJ9\">\n\t\t\t\t\t<div class=\"e-gallery-image elementor-gallery-item__image\" data-thumbnail=\"https:\/\/gregorgomboc.com\/wp-content\/uploads\/2025\/02\/230708_Katharina_und_Georg_478-768x512.jpg\" data-width=\"768\" data-height=\"512\" aria-label=\"Mehrst\u00f6ckige Hochzeitstorte\" role=\"img\" ><\/div>\n\t\t\t\t\t\t\t\t\t\t\t<div class=\"elementor-gallery-item__overlay\"><\/div>\n\t\t\t\t\t\t\t\t\t\t\t\t\t\t<\/a>\n\t\t\t\t\t\t\t<a class=\"e-gallery-item elementor-gallery-item elementor-animated-content\" href=\"https:\/\/gregorgomboc.com\/wp-content\/uploads\/2025\/02\/230708_Katharina_und_Georg_480.jpg\" data-elementor-open-lightbox=\"yes\" data-elementor-lightbox-slideshow=\"a8a3e0b\" data-elementor-lightbox-title=\"230708_Katharina_und_Georg_480\" data-e-action-hash=\"#elementor-action%3Aaction%3Dlightbox%26settings%3DeyJpZCI6NTQ3OCwidXJsIjoiaHR0cHM6XC9cL2dyZWdvcmdvbWJvYy5jb21cL3dwLWNvbnRlbnRcL3VwbG9hZHNcLzIwMjVcLzAyXC8yMzA3MDhfS2F0aGFyaW5hX3VuZF9HZW9yZ180ODAuanBnIiwic2xpZGVzaG93IjoiYThhM2UwYiJ9\">\n\t\t\t\t\t<div class=\"e-gallery-image elementor-gallery-item__image\" data-thumbnail=\"https:\/\/gregorgomboc.com\/wp-content\/uploads\/2025\/02\/230708_Katharina_und_Georg_480-768x512.jpg\" data-width=\"768\" data-height=\"512\" aria-label=\"Anschnit der Hochzeitstorte\" role=\"img\" ><\/div>\n\t\t\t\t\t\t\t\t\t\t\t<div class=\"elementor-gallery-item__overlay\"><\/div>\n\t\t\t\t\t\t\t\t\t\t\t\t\t\t<\/a>\n\t\t\t\t\t\t\t<a class=\"e-gallery-item elementor-gallery-item elementor-animated-content\" href=\"https:\/\/gregorgomboc.com\/wp-content\/uploads\/2025\/02\/230708_Katharina_und_Georg_488.jpg\" data-elementor-open-lightbox=\"yes\" data-elementor-lightbox-slideshow=\"a8a3e0b\" data-elementor-lightbox-title=\"230708_Katharina_und_Georg_488\" data-e-action-hash=\"#elementor-action%3Aaction%3Dlightbox%26settings%3DeyJpZCI6NTQ4MCwidXJsIjoiaHR0cHM6XC9cL2dyZWdvcmdvbWJvYy5jb21cL3dwLWNvbnRlbnRcL3VwbG9hZHNcLzIwMjVcLzAyXC8yMzA3MDhfS2F0aGFyaW5hX3VuZF9HZW9yZ180ODguanBnIiwic2xpZGVzaG93IjoiYThhM2UwYiJ9\">\n\t\t\t\t\t<div class=\"e-gallery-image elementor-gallery-item__image\" data-thumbnail=\"https:\/\/gregorgomboc.com\/wp-content\/uploads\/2025\/02\/230708_Katharina_und_Georg_488-768x512.jpg\" data-width=\"768\" data-height=\"512\" aria-label=\"Essen der Hochzeitstorte\" role=\"img\" ><\/div>\n\t\t\t\t\t\t\t\t\t\t\t<div class=\"elementor-gallery-item__overlay\"><\/div>\n\t\t\t\t\t\t\t\t\t\t\t\t\t\t<\/a>\n\t\t\t\t\t\t\t<a class=\"e-gallery-item elementor-gallery-item elementor-animated-content\" href=\"https:\/\/gregorgomboc.com\/wp-content\/uploads\/2025\/02\/230708_Katharina_und_Georg_516.jpg\" data-elementor-open-lightbox=\"yes\" data-elementor-lightbox-slideshow=\"a8a3e0b\" data-elementor-lightbox-title=\"230708_Katharina_und_Georg_516\" data-e-action-hash=\"#elementor-action%3Aaction%3Dlightbox%26settings%3DeyJpZCI6NTQ4MiwidXJsIjoiaHR0cHM6XC9cL2dyZWdvcmdvbWJvYy5jb21cL3dwLWNvbnRlbnRcL3VwbG9hZHNcLzIwMjVcLzAyXC8yMzA3MDhfS2F0aGFyaW5hX3VuZF9HZW9yZ181MTYuanBnIiwic2xpZGVzaG93IjoiYThhM2UwYiJ9\">\n\t\t\t\t\t<div class=\"e-gallery-image elementor-gallery-item__image\" data-thumbnail=\"https:\/\/gregorgomboc.com\/wp-content\/uploads\/2025\/02\/230708_Katharina_und_Georg_516-768x512.jpg\" data-width=\"768\" data-height=\"512\" aria-label=\"Brautpaar Portrait Foto\" role=\"img\" ><\/div>\n\t\t\t\t\t\t\t\t\t\t\t<div class=\"elementor-gallery-item__overlay\"><\/div>\n\t\t\t\t\t\t\t\t\t\t\t\t\t\t<\/a>\n\t\t\t\t\t\t\t<a class=\"e-gallery-item elementor-gallery-item elementor-animated-content\" href=\"https:\/\/gregorgomboc.com\/wp-content\/uploads\/2025\/02\/230708_Katharina_und_Georg_520.jpg\" data-elementor-open-lightbox=\"yes\" data-elementor-lightbox-slideshow=\"a8a3e0b\" data-elementor-lightbox-title=\"230708_Katharina_und_Georg_520\" data-e-action-hash=\"#elementor-action%3Aaction%3Dlightbox%26settings%3DeyJpZCI6NTQ4NCwidXJsIjoiaHR0cHM6XC9cL2dyZWdvcmdvbWJvYy5jb21cL3dwLWNvbnRlbnRcL3VwbG9hZHNcLzIwMjVcLzAyXC8yMzA3MDhfS2F0aGFyaW5hX3VuZF9HZW9yZ181MjAuanBnIiwic2xpZGVzaG93IjoiYThhM2UwYiJ9\">\n\t\t\t\t\t<div class=\"e-gallery-image elementor-gallery-item__image\" data-thumbnail=\"https:\/\/gregorgomboc.com\/wp-content\/uploads\/2025\/02\/230708_Katharina_und_Georg_520-768x512.jpg\" data-width=\"768\" data-height=\"512\" aria-label=\"Entspantes Hochzeitsfoto\" role=\"img\" ><\/div>\n\t\t\t\t\t\t\t\t\t\t\t<div class=\"elementor-gallery-item__overlay\"><\/div>\n\t\t\t\t\t\t\t\t\t\t\t\t\t\t<\/a>\n\t\t\t\t\t\t\t<a class=\"e-gallery-item elementor-gallery-item elementor-animated-content\" href=\"https:\/\/gregorgomboc.com\/wp-content\/uploads\/2025\/02\/230708_Katharina_und_Georg_522.jpg\" data-elementor-open-lightbox=\"yes\" data-elementor-lightbox-slideshow=\"a8a3e0b\" data-elementor-lightbox-title=\"230708_Katharina_und_Georg_522\" data-e-action-hash=\"#elementor-action%3Aaction%3Dlightbox%26settings%3DeyJpZCI6NTQ4NiwidXJsIjoiaHR0cHM6XC9cL2dyZWdvcmdvbWJvYy5jb21cL3dwLWNvbnRlbnRcL3VwbG9hZHNcLzIwMjVcLzAyXC8yMzA3MDhfS2F0aGFyaW5hX3VuZF9HZW9yZ181MjIuanBnIiwic2xpZGVzaG93IjoiYThhM2UwYiJ9\">\n\t\t\t\t\t<div class=\"e-gallery-image elementor-gallery-item__image\" data-thumbnail=\"https:\/\/gregorgomboc.com\/wp-content\/uploads\/2025\/02\/230708_Katharina_und_Georg_522-768x512.jpg\" data-width=\"768\" data-height=\"512\" aria-label=\"Hochzeitsfotos\" role=\"img\" ><\/div>\n\t\t\t\t\t\t\t\t\t\t\t<div class=\"elementor-gallery-item__overlay\"><\/div>\n\t\t\t\t\t\t\t\t\t\t\t\t\t\t<\/a>\n\t\t\t\t\t\t\t<a class=\"e-gallery-item elementor-gallery-item elementor-animated-content\" href=\"https:\/\/gregorgomboc.com\/wp-content\/uploads\/2025\/02\/230708_Katharina_und_Georg_528.jpg\" data-elementor-open-lightbox=\"yes\" data-elementor-lightbox-slideshow=\"a8a3e0b\" data-elementor-lightbox-title=\"230708_Katharina_und_Georg_528\" data-e-action-hash=\"#elementor-action%3Aaction%3Dlightbox%26settings%3DeyJpZCI6NTQ4OCwidXJsIjoiaHR0cHM6XC9cL2dyZWdvcmdvbWJvYy5jb21cL3dwLWNvbnRlbnRcL3VwbG9hZHNcLzIwMjVcLzAyXC8yMzA3MDhfS2F0aGFyaW5hX3VuZF9HZW9yZ181MjguanBnIiwic2xpZGVzaG93IjoiYThhM2UwYiJ9\">\n\t\t\t\t\t<div class=\"e-gallery-image elementor-gallery-item__image\" data-thumbnail=\"https:\/\/gregorgomboc.com\/wp-content\/uploads\/2025\/02\/230708_Katharina_und_Georg_528-768x512.jpg\" data-width=\"768\" data-height=\"512\" aria-label=\"Hochzeitsfoto am Hof von Georgi Schloss in der Steiermark\" role=\"img\" ><\/div>\n\t\t\t\t\t\t\t\t\t\t\t<div class=\"elementor-gallery-item__overlay\"><\/div>\n\t\t\t\t\t\t\t\t\t\t\t\t\t\t<\/a>\n\t\t\t\t\t\t\t<a class=\"e-gallery-item elementor-gallery-item elementor-animated-content\" href=\"https:\/\/gregorgomboc.com\/wp-content\/uploads\/2025\/02\/230708_Katharina_und_Georg_532.jpg\" data-elementor-open-lightbox=\"yes\" data-elementor-lightbox-slideshow=\"a8a3e0b\" data-elementor-lightbox-title=\"230708_Katharina_und_Georg_532\" data-e-action-hash=\"#elementor-action%3Aaction%3Dlightbox%26settings%3DeyJpZCI6NTQ5MCwidXJsIjoiaHR0cHM6XC9cL2dyZWdvcmdvbWJvYy5jb21cL3dwLWNvbnRlbnRcL3VwbG9hZHNcLzIwMjVcLzAyXC8yMzA3MDhfS2F0aGFyaW5hX3VuZF9HZW9yZ181MzIuanBnIiwic2xpZGVzaG93IjoiYThhM2UwYiJ9\">\n\t\t\t\t\t<div class=\"e-gallery-image elementor-gallery-item__image\" data-thumbnail=\"https:\/\/gregorgomboc.com\/wp-content\/uploads\/2025\/02\/230708_Katharina_und_Georg_532-768x512.jpg\" data-width=\"768\" data-height=\"512\" aria-label=\"Hochzeitsfotograf Steiermark Georgi Schloss\" role=\"img\" ><\/div>\n\t\t\t\t\t\t\t\t\t\t\t<div class=\"elementor-gallery-item__overlay\"><\/div>\n\t\t\t\t\t\t\t\t\t\t\t\t\t\t<\/a>\n\t\t\t\t\t\t\t<a class=\"e-gallery-item elementor-gallery-item elementor-animated-content\" href=\"https:\/\/gregorgomboc.com\/wp-content\/uploads\/2025\/02\/230708_Katharina_und_Georg_538.jpg\" data-elementor-open-lightbox=\"yes\" data-elementor-lightbox-slideshow=\"a8a3e0b\" data-elementor-lightbox-title=\"230708_Katharina_und_Georg_538\" data-e-action-hash=\"#elementor-action%3Aaction%3Dlightbox%26settings%3DeyJpZCI6NTQ5MiwidXJsIjoiaHR0cHM6XC9cL2dyZWdvcmdvbWJvYy5jb21cL3dwLWNvbnRlbnRcL3VwbG9hZHNcLzIwMjVcLzAyXC8yMzA3MDhfS2F0aGFyaW5hX3VuZF9HZW9yZ181MzguanBnIiwic2xpZGVzaG93IjoiYThhM2UwYiJ9\">\n\t\t\t\t\t<div class=\"e-gallery-image elementor-gallery-item__image\" data-thumbnail=\"https:\/\/gregorgomboc.com\/wp-content\/uploads\/2025\/02\/230708_Katharina_und_Georg_538-768x1152.jpg\" data-width=\"768\" data-height=\"1152\" aria-label=\"Hochzeitsfoto vor einen T\u00fcrrahmen\" role=\"img\" ><\/div>\n\t\t\t\t\t\t\t\t\t\t\t<div class=\"elementor-gallery-item__overlay\"><\/div>\n\t\t\t\t\t\t\t\t\t\t\t\t\t\t<\/a>\n\t\t\t\t\t\t\t<a class=\"e-gallery-item elementor-gallery-item elementor-animated-content\" href=\"https:\/\/gregorgomboc.com\/wp-content\/uploads\/2025\/02\/230708_Katharina_und_Georg_563.jpg\" data-elementor-open-lightbox=\"yes\" data-elementor-lightbox-slideshow=\"a8a3e0b\" data-elementor-lightbox-title=\"230708_Katharina_und_Georg_563\" data-e-action-hash=\"#elementor-action%3Aaction%3Dlightbox%26settings%3DeyJpZCI6NTQ5NCwidXJsIjoiaHR0cHM6XC9cL2dyZWdvcmdvbWJvYy5jb21cL3dwLWNvbnRlbnRcL3VwbG9hZHNcLzIwMjVcLzAyXC8yMzA3MDhfS2F0aGFyaW5hX3VuZF9HZW9yZ181NjMuanBnIiwic2xpZGVzaG93IjoiYThhM2UwYiJ9\">\n\t\t\t\t\t<div class=\"e-gallery-image elementor-gallery-item__image\" data-thumbnail=\"https:\/\/gregorgomboc.com\/wp-content\/uploads\/2025\/02\/230708_Katharina_und_Georg_563-768x512.jpg\" data-width=\"768\" data-height=\"512\" aria-label=\"Kreative Hochzeitsfotografie\" role=\"img\" ><\/div>\n\t\t\t\t\t\t\t\t\t\t\t<div class=\"elementor-gallery-item__overlay\"><\/div>\n\t\t\t\t\t\t\t\t\t\t\t\t\t\t<\/a>\n\t\t\t\t\t\t\t<a class=\"e-gallery-item elementor-gallery-item elementor-animated-content\" href=\"https:\/\/gregorgomboc.com\/wp-content\/uploads\/2025\/02\/230708_Katharina_und_Georg_608.jpg\" data-elementor-open-lightbox=\"yes\" data-elementor-lightbox-slideshow=\"a8a3e0b\" data-elementor-lightbox-title=\"230708_Katharina_und_Georg_608\" data-e-action-hash=\"#elementor-action%3Aaction%3Dlightbox%26settings%3DeyJpZCI6NTQ5NiwidXJsIjoiaHR0cHM6XC9cL2dyZWdvcmdvbWJvYy5jb21cL3dwLWNvbnRlbnRcL3VwbG9hZHNcLzIwMjVcLzAyXC8yMzA3MDhfS2F0aGFyaW5hX3VuZF9HZW9yZ182MDguanBnIiwic2xpZGVzaG93IjoiYThhM2UwYiJ9\">\n\t\t\t\t\t<div class=\"e-gallery-image elementor-gallery-item__image\" data-thumbnail=\"https:\/\/gregorgomboc.com\/wp-content\/uploads\/2025\/02\/230708_Katharina_und_Georg_608-768x1152.jpg\" data-width=\"768\" data-height=\"1152\" aria-label=\"Brautportrait\" role=\"img\" ><\/div>\n\t\t\t\t\t\t\t\t\t\t\t<div class=\"elementor-gallery-item__overlay\"><\/div>\n\t\t\t\t\t\t\t\t\t\t\t\t\t\t<\/a>\n\t\t\t\t\t\t\t<a class=\"e-gallery-item elementor-gallery-item elementor-animated-content\" href=\"https:\/\/gregorgomboc.com\/wp-content\/uploads\/2025\/02\/230708_Katharina_und_Georg_611.jpg\" data-elementor-open-lightbox=\"yes\" data-elementor-lightbox-slideshow=\"a8a3e0b\" data-elementor-lightbox-title=\"230708_Katharina_und_Georg_611\" data-e-action-hash=\"#elementor-action%3Aaction%3Dlightbox%26settings%3DeyJpZCI6NTQ5OCwidXJsIjoiaHR0cHM6XC9cL2dyZWdvcmdvbWJvYy5jb21cL3dwLWNvbnRlbnRcL3VwbG9hZHNcLzIwMjVcLzAyXC8yMzA3MDhfS2F0aGFyaW5hX3VuZF9HZW9yZ182MTEuanBnIiwic2xpZGVzaG93IjoiYThhM2UwYiJ9\">\n\t\t\t\t\t<div class=\"e-gallery-image elementor-gallery-item__image\" data-thumbnail=\"https:\/\/gregorgomboc.com\/wp-content\/uploads\/2025\/02\/230708_Katharina_und_Georg_611-768x512.jpg\" data-width=\"768\" data-height=\"512\" aria-label=\"Ehepaar Portrait\" role=\"img\" ><\/div>\n\t\t\t\t\t\t\t\t\t\t\t<div class=\"elementor-gallery-item__overlay\"><\/div>\n\t\t\t\t\t\t\t\t\t\t\t\t\t\t<\/a>\n\t\t\t\t\t\t\t<a class=\"e-gallery-item elementor-gallery-item elementor-animated-content\" href=\"https:\/\/gregorgomboc.com\/wp-content\/uploads\/2025\/02\/230708_Katharina_und_Georg_657.jpg\" data-elementor-open-lightbox=\"yes\" data-elementor-lightbox-slideshow=\"a8a3e0b\" data-elementor-lightbox-title=\"230708_Katharina_und_Georg_657\" data-e-action-hash=\"#elementor-action%3Aaction%3Dlightbox%26settings%3DeyJpZCI6NTUwNiwidXJsIjoiaHR0cHM6XC9cL2dyZWdvcmdvbWJvYy5jb21cL3dwLWNvbnRlbnRcL3VwbG9hZHNcLzIwMjVcLzAyXC8yMzA3MDhfS2F0aGFyaW5hX3VuZF9HZW9yZ182NTcuanBnIiwic2xpZGVzaG93IjoiYThhM2UwYiJ9\">\n\t\t\t\t\t<div class=\"e-gallery-image elementor-gallery-item__image\" data-thumbnail=\"https:\/\/gregorgomboc.com\/wp-content\/uploads\/2025\/02\/230708_Katharina_und_Georg_657-768x512.jpg\" data-width=\"768\" data-height=\"512\" aria-label=\"abendliches Hochzeitsfoto vom Ehepaar\" role=\"img\" ><\/div>\n\t\t\t\t\t\t\t\t\t\t\t<div class=\"elementor-gallery-item__overlay\"><\/div>\n\t\t\t\t\t\t\t\t\t\t\t\t\t\t<\/a>\n\t\t\t\t\t\t\t<a class=\"e-gallery-item elementor-gallery-item elementor-animated-content\" href=\"https:\/\/gregorgomboc.com\/wp-content\/uploads\/2025\/02\/230708_Katharina_und_Georg_106-2.jpg\" data-elementor-open-lightbox=\"yes\" data-elementor-lightbox-slideshow=\"a8a3e0b\" data-elementor-lightbox-title=\"230708_Katharina_und_Georg_106\" data-e-action-hash=\"#elementor-action%3Aaction%3Dlightbox%26settings%3DeyJpZCI6NTM3OCwidXJsIjoiaHR0cHM6XC9cL2dyZWdvcmdvbWJvYy5jb21cL3dwLWNvbnRlbnRcL3VwbG9hZHNcLzIwMjVcLzAyXC8yMzA3MDhfS2F0aGFyaW5hX3VuZF9HZW9yZ18xMDYtMi5qcGciLCJzbGlkZXNob3ciOiJhOGEzZTBiIn0%3D\">\n\t\t\t\t\t<div class=\"e-gallery-image elementor-gallery-item__image\" data-thumbnail=\"https:\/\/gregorgomboc.com\/wp-content\/uploads\/2025\/02\/230708_Katharina_und_Georg_106-2-768x1152.jpg\" data-width=\"768\" data-height=\"1152\" aria-label=\"Hochzeit Festsaal Georgi Schloss\" role=\"img\" ><\/div>\n\t\t\t\t\t\t\t\t\t\t\t<div class=\"elementor-gallery-item__overlay\"><\/div>\n\t\t\t\t\t\t\t\t\t\t\t\t\t\t<\/a>\n\t\t\t\t\t\t\t<a class=\"e-gallery-item elementor-gallery-item elementor-animated-content\" href=\"https:\/\/gregorgomboc.com\/wp-content\/uploads\/2025\/02\/230708_Katharina_und_Georg_107-2.jpg\" data-elementor-open-lightbox=\"yes\" data-elementor-lightbox-slideshow=\"a8a3e0b\" data-elementor-lightbox-title=\"230708_Katharina_und_Georg_107\" data-e-action-hash=\"#elementor-action%3Aaction%3Dlightbox%26settings%3DeyJpZCI6NTM4MCwidXJsIjoiaHR0cHM6XC9cL2dyZWdvcmdvbWJvYy5jb21cL3dwLWNvbnRlbnRcL3VwbG9hZHNcLzIwMjVcLzAyXC8yMzA3MDhfS2F0aGFyaW5hX3VuZF9HZW9yZ18xMDctMi5qcGciLCJzbGlkZXNob3ciOiJhOGEzZTBiIn0%3D\">\n\t\t\t\t\t<div class=\"e-gallery-image elementor-gallery-item__image\" data-thumbnail=\"https:\/\/gregorgomboc.com\/wp-content\/uploads\/2025\/02\/230708_Katharina_und_Georg_107-2-768x512.jpg\" data-width=\"768\" data-height=\"512\" aria-label=\"Hochzeit Men\u00fc Dekoration Deko Gold\" role=\"img\" ><\/div>\n\t\t\t\t\t\t\t\t\t\t\t<div class=\"elementor-gallery-item__overlay\"><\/div>\n\t\t\t\t\t\t\t\t\t\t\t\t\t\t<\/a>\n\t\t\t\t\t\t\t<a class=\"e-gallery-item elementor-gallery-item elementor-animated-content\" href=\"https:\/\/gregorgomboc.com\/wp-content\/uploads\/2025\/02\/230708_Katharina_und_Georg_110-2.jpg\" data-elementor-open-lightbox=\"yes\" data-elementor-lightbox-slideshow=\"a8a3e0b\" data-elementor-lightbox-title=\"230708_Katharina_und_Georg_110\" data-e-action-hash=\"#elementor-action%3Aaction%3Dlightbox%26settings%3DeyJpZCI6NTM4MiwidXJsIjoiaHR0cHM6XC9cL2dyZWdvcmdvbWJvYy5jb21cL3dwLWNvbnRlbnRcL3VwbG9hZHNcLzIwMjVcLzAyXC8yMzA3MDhfS2F0aGFyaW5hX3VuZF9HZW9yZ18xMTAtMi5qcGciLCJzbGlkZXNob3ciOiJhOGEzZTBiIn0%3D\">\n\t\t\t\t\t<div class=\"e-gallery-image elementor-gallery-item__image\" data-thumbnail=\"https:\/\/gregorgomboc.com\/wp-content\/uploads\/2025\/02\/230708_Katharina_und_Georg_110-2-768x512.jpg\" data-width=\"768\" data-height=\"512\" aria-label=\"Hochzeit Tischdekoration\" role=\"img\" ><\/div>\n\t\t\t\t\t\t\t\t\t\t\t<div class=\"elementor-gallery-item__overlay\"><\/div>\n\t\t\t\t\t\t\t\t\t\t\t\t\t\t<\/a>\n\t\t\t\t\t\t\t<a class=\"e-gallery-item elementor-gallery-item elementor-animated-content\" href=\"https:\/\/gregorgomboc.com\/wp-content\/uploads\/2025\/02\/230708_Katharina_und_Georg_113-2.jpg\" data-elementor-open-lightbox=\"yes\" data-elementor-lightbox-slideshow=\"a8a3e0b\" data-elementor-lightbox-title=\"230708_Katharina_und_Georg_113\" data-e-action-hash=\"#elementor-action%3Aaction%3Dlightbox%26settings%3DeyJpZCI6NTM4NCwidXJsIjoiaHR0cHM6XC9cL2dyZWdvcmdvbWJvYy5jb21cL3dwLWNvbnRlbnRcL3VwbG9hZHNcLzIwMjVcLzAyXC8yMzA3MDhfS2F0aGFyaW5hX3VuZF9HZW9yZ18xMTMtMi5qcGciLCJzbGlkZXNob3ciOiJhOGEzZTBiIn0%3D\">\n\t\t\t\t\t<div class=\"e-gallery-image elementor-gallery-item__image\" data-thumbnail=\"https:\/\/gregorgomboc.com\/wp-content\/uploads\/2025\/02\/230708_Katharina_und_Georg_113-2-768x512.jpg\" data-width=\"768\" data-height=\"512\" aria-label=\"Hochzeit Tischdeko\" role=\"img\" ><\/div>\n\t\t\t\t\t\t\t\t\t\t\t<div class=\"elementor-gallery-item__overlay\"><\/div>\n\t\t\t\t\t\t\t\t\t\t\t\t\t\t<\/a>\n\t\t\t\t\t\t\t<a class=\"e-gallery-item elementor-gallery-item elementor-animated-content\" href=\"https:\/\/gregorgomboc.com\/wp-content\/uploads\/2025\/02\/230708_Katharina_und_Georg_117-2.jpg\" data-elementor-open-lightbox=\"yes\" data-elementor-lightbox-slideshow=\"a8a3e0b\" data-elementor-lightbox-title=\"230708_Katharina_und_Georg_117\" data-e-action-hash=\"#elementor-action%3Aaction%3Dlightbox%26settings%3DeyJpZCI6NTM4NiwidXJsIjoiaHR0cHM6XC9cL2dyZWdvcmdvbWJvYy5jb21cL3dwLWNvbnRlbnRcL3VwbG9hZHNcLzIwMjVcLzAyXC8yMzA3MDhfS2F0aGFyaW5hX3VuZF9HZW9yZ18xMTctMi5qcGciLCJzbGlkZXNob3ciOiJhOGEzZTBiIn0%3D\">\n\t\t\t\t\t<div class=\"e-gallery-image elementor-gallery-item__image\" data-thumbnail=\"https:\/\/gregorgomboc.com\/wp-content\/uploads\/2025\/02\/230708_Katharina_und_Georg_117-2-768x512.jpg\" data-width=\"768\" data-height=\"512\" aria-label=\"Hochzeit Candy Bar\" role=\"img\" ><\/div>\n\t\t\t\t\t\t\t\t\t\t\t<div class=\"elementor-gallery-item__overlay\"><\/div>\n\t\t\t\t\t\t\t\t\t\t\t\t\t\t<\/a>\n\t\t\t\t\t\t\t<a class=\"e-gallery-item elementor-gallery-item elementor-animated-content\" href=\"https:\/\/gregorgomboc.com\/wp-content\/uploads\/2025\/02\/230708_Katharina_und_Georg_636.jpg\" data-elementor-open-lightbox=\"yes\" data-elementor-lightbox-slideshow=\"a8a3e0b\" data-elementor-lightbox-title=\"230708_Katharina_und_Georg_636\" data-e-action-hash=\"#elementor-action%3Aaction%3Dlightbox%26settings%3DeyJpZCI6NTUwMiwidXJsIjoiaHR0cHM6XC9cL2dyZWdvcmdvbWJvYy5jb21cL3dwLWNvbnRlbnRcL3VwbG9hZHNcLzIwMjVcLzAyXC8yMzA3MDhfS2F0aGFyaW5hX3VuZF9HZW9yZ182MzYuanBnIiwic2xpZGVzaG93IjoiYThhM2UwYiJ9\">\n\t\t\t\t\t<div class=\"e-gallery-image elementor-gallery-item__image\" data-thumbnail=\"https:\/\/gregorgomboc.com\/wp-content\/uploads\/2025\/02\/230708_Katharina_und_Georg_636-768x512.jpg\" data-width=\"768\" data-height=\"512\" aria-label=\"Vater der Braut h\u00e4llt eine Rede\" role=\"img\" ><\/div>\n\t\t\t\t\t\t\t\t\t\t\t<div class=\"elementor-gallery-item__overlay\"><\/div>\n\t\t\t\t\t\t\t\t\t\t\t\t\t\t<\/a>\n\t\t\t\t\t\t\t<a class=\"e-gallery-item elementor-gallery-item elementor-animated-content\" href=\"https:\/\/gregorgomboc.com\/wp-content\/uploads\/2025\/02\/230708_Katharina_und_Georg_641.jpg\" data-elementor-open-lightbox=\"yes\" data-elementor-lightbox-slideshow=\"a8a3e0b\" data-elementor-lightbox-title=\"230708_Katharina_und_Georg_641\" data-e-action-hash=\"#elementor-action%3Aaction%3Dlightbox%26settings%3DeyJpZCI6NTUwNCwidXJsIjoiaHR0cHM6XC9cL2dyZWdvcmdvbWJvYy5jb21cL3dwLWNvbnRlbnRcL3VwbG9hZHNcLzIwMjVcLzAyXC8yMzA3MDhfS2F0aGFyaW5hX3VuZF9HZW9yZ182NDEuanBnIiwic2xpZGVzaG93IjoiYThhM2UwYiJ9\">\n\t\t\t\t\t<div class=\"e-gallery-image elementor-gallery-item__image\" data-thumbnail=\"https:\/\/gregorgomboc.com\/wp-content\/uploads\/2025\/02\/230708_Katharina_und_Georg_641-768x512.jpg\" data-width=\"768\" data-height=\"512\" aria-label=\"Die Trauzeugin h\u00e4llt eine Rede\" role=\"img\" ><\/div>\n\t\t\t\t\t\t\t\t\t\t\t<div class=\"elementor-gallery-item__overlay\"><\/div>\n\t\t\t\t\t\t\t\t\t\t\t\t\t\t<\/a>\n\t\t\t\t\t\t\t<a class=\"e-gallery-item elementor-gallery-item elementor-animated-content\" href=\"https:\/\/gregorgomboc.com\/wp-content\/uploads\/2025\/02\/230708_Katharina_und_Georg_627.jpg\" data-elementor-open-lightbox=\"yes\" data-elementor-lightbox-slideshow=\"a8a3e0b\" data-elementor-lightbox-title=\"230708_Katharina_und_Georg_627\" data-e-action-hash=\"#elementor-action%3Aaction%3Dlightbox%26settings%3DeyJpZCI6NTUwMCwidXJsIjoiaHR0cHM6XC9cL2dyZWdvcmdvbWJvYy5jb21cL3dwLWNvbnRlbnRcL3VwbG9hZHNcLzIwMjVcLzAyXC8yMzA3MDhfS2F0aGFyaW5hX3VuZF9HZW9yZ182MjcuanBnIiwic2xpZGVzaG93IjoiYThhM2UwYiJ9\">\n\t\t\t\t\t<div class=\"e-gallery-image elementor-gallery-item__image\" data-thumbnail=\"https:\/\/gregorgomboc.com\/wp-content\/uploads\/2025\/02\/230708_Katharina_und_Georg_627-768x512.jpg\" data-width=\"768\" data-height=\"512\" aria-label=\"Interessante und kreative Hochzeitsfotos\" role=\"img\" ><\/div>\n\t\t\t\t\t\t\t\t\t\t\t<div class=\"elementor-gallery-item__overlay\"><\/div>\n\t\t\t\t\t\t\t\t\t\t\t\t\t\t<\/a>\n\t\t\t\t\t\t\t<a class=\"e-gallery-item elementor-gallery-item elementor-animated-content\" href=\"https:\/\/gregorgomboc.com\/wp-content\/uploads\/2025\/02\/230708_Katharina_und_Georg_666.jpg\" data-elementor-open-lightbox=\"yes\" data-elementor-lightbox-slideshow=\"a8a3e0b\" data-elementor-lightbox-title=\"230708_Katharina_und_Georg_666\" data-e-action-hash=\"#elementor-action%3Aaction%3Dlightbox%26settings%3DeyJpZCI6NTUwOCwidXJsIjoiaHR0cHM6XC9cL2dyZWdvcmdvbWJvYy5jb21cL3dwLWNvbnRlbnRcL3VwbG9hZHNcLzIwMjVcLzAyXC8yMzA3MDhfS2F0aGFyaW5hX3VuZF9HZW9yZ182NjYuanBnIiwic2xpZGVzaG93IjoiYThhM2UwYiJ9\">\n\t\t\t\t\t<div class=\"e-gallery-image elementor-gallery-item__image\" data-thumbnail=\"https:\/\/gregorgomboc.com\/wp-content\/uploads\/2025\/02\/230708_Katharina_und_Georg_666-768x512.jpg\" data-width=\"768\" data-height=\"512\" aria-label=\"Hochzeitsg\u00e4ste feiern\" role=\"img\" ><\/div>\n\t\t\t\t\t\t\t\t\t\t\t<div class=\"elementor-gallery-item__overlay\"><\/div>\n\t\t\t\t\t\t\t\t\t\t\t\t\t\t<\/a>\n\t\t\t\t\t\t\t<a class=\"e-gallery-item elementor-gallery-item elementor-animated-content\" href=\"https:\/\/gregorgomboc.com\/wp-content\/uploads\/2025\/02\/230708_Katharina_und_Georg_669.jpg\" data-elementor-open-lightbox=\"yes\" data-elementor-lightbox-slideshow=\"a8a3e0b\" data-elementor-lightbox-title=\"230708_Katharina_und_Georg_669\" data-e-action-hash=\"#elementor-action%3Aaction%3Dlightbox%26settings%3DeyJpZCI6NTUxMCwidXJsIjoiaHR0cHM6XC9cL2dyZWdvcmdvbWJvYy5jb21cL3dwLWNvbnRlbnRcL3VwbG9hZHNcLzIwMjVcLzAyXC8yMzA3MDhfS2F0aGFyaW5hX3VuZF9HZW9yZ182NjkuanBnIiwic2xpZGVzaG93IjoiYThhM2UwYiJ9\">\n\t\t\t\t\t<div class=\"e-gallery-image elementor-gallery-item__image\" data-thumbnail=\"https:\/\/gregorgomboc.com\/wp-content\/uploads\/2025\/02\/230708_Katharina_und_Georg_669-768x512.jpg\" data-width=\"768\" data-height=\"512\" aria-label=\"Treppenhaus im Georgi Schloss\" role=\"img\" ><\/div>\n\t\t\t\t\t\t\t\t\t\t\t<div class=\"elementor-gallery-item__overlay\"><\/div>\n\t\t\t\t\t\t\t\t\t\t\t\t\t\t<\/a>\n\t\t\t\t\t\t\t<a class=\"e-gallery-item elementor-gallery-item elementor-animated-content\" href=\"https:\/\/gregorgomboc.com\/wp-content\/uploads\/2025\/02\/230708_Katharina_und_Georg_670.jpg\" data-elementor-open-lightbox=\"yes\" data-elementor-lightbox-slideshow=\"a8a3e0b\" data-elementor-lightbox-title=\"230708_Katharina_und_Georg_670\" data-e-action-hash=\"#elementor-action%3Aaction%3Dlightbox%26settings%3DeyJpZCI6NTUxMiwidXJsIjoiaHR0cHM6XC9cL2dyZWdvcmdvbWJvYy5jb21cL3dwLWNvbnRlbnRcL3VwbG9hZHNcLzIwMjVcLzAyXC8yMzA3MDhfS2F0aGFyaW5hX3VuZF9HZW9yZ182NzAuanBnIiwic2xpZGVzaG93IjoiYThhM2UwYiJ9\">\n\t\t\t\t\t<div class=\"e-gallery-image elementor-gallery-item__image\" data-thumbnail=\"https:\/\/gregorgomboc.com\/wp-content\/uploads\/2025\/02\/230708_Katharina_und_Georg_670-768x512.jpg\" data-width=\"768\" data-height=\"512\" aria-label=\"Braut und Vater Tanz\" role=\"img\" ><\/div>\n\t\t\t\t\t\t\t\t\t\t\t<div class=\"elementor-gallery-item__overlay\"><\/div>\n\t\t\t\t\t\t\t\t\t\t\t\t\t\t<\/a>\n\t\t\t\t\t\t\t<a class=\"e-gallery-item elementor-gallery-item elementor-animated-content\" href=\"https:\/\/gregorgomboc.com\/wp-content\/uploads\/2025\/02\/230708_Katharina_und_Georg_679.jpg\" data-elementor-open-lightbox=\"yes\" data-elementor-lightbox-slideshow=\"a8a3e0b\" data-elementor-lightbox-title=\"230708_Katharina_und_Georg_679\" data-e-action-hash=\"#elementor-action%3Aaction%3Dlightbox%26settings%3DeyJpZCI6NTUxNCwidXJsIjoiaHR0cHM6XC9cL2dyZWdvcmdvbWJvYy5jb21cL3dwLWNvbnRlbnRcL3VwbG9hZHNcLzIwMjVcLzAyXC8yMzA3MDhfS2F0aGFyaW5hX3VuZF9HZW9yZ182NzkuanBnIiwic2xpZGVzaG93IjoiYThhM2UwYiJ9\">\n\t\t\t\t\t<div class=\"e-gallery-image elementor-gallery-item__image\" data-thumbnail=\"https:\/\/gregorgomboc.com\/wp-content\/uploads\/2025\/02\/230708_Katharina_und_Georg_679-768x1152.jpg\" data-width=\"768\" data-height=\"1152\" aria-label=\"Nackte F\u00fcsse eines Musikers\" role=\"img\" ><\/div>\n\t\t\t\t\t\t\t\t\t\t\t<div class=\"elementor-gallery-item__overlay\"><\/div>\n\t\t\t\t\t\t\t\t\t\t\t\t\t\t<\/a>\n\t\t\t\t\t\t\t<a class=\"e-gallery-item elementor-gallery-item elementor-animated-content\" href=\"https:\/\/gregorgomboc.com\/wp-content\/uploads\/2025\/02\/230708_Katharina_und_Georg_687.jpg\" data-elementor-open-lightbox=\"yes\" data-elementor-lightbox-slideshow=\"a8a3e0b\" data-elementor-lightbox-title=\"230708_Katharina_und_Georg_687\" data-e-action-hash=\"#elementor-action%3Aaction%3Dlightbox%26settings%3DeyJpZCI6NTUxNiwidXJsIjoiaHR0cHM6XC9cL2dyZWdvcmdvbWJvYy5jb21cL3dwLWNvbnRlbnRcL3VwbG9hZHNcLzIwMjVcLzAyXC8yMzA3MDhfS2F0aGFyaW5hX3VuZF9HZW9yZ182ODcuanBnIiwic2xpZGVzaG93IjoiYThhM2UwYiJ9\">\n\t\t\t\t\t<div class=\"e-gallery-image elementor-gallery-item__image\" data-thumbnail=\"https:\/\/gregorgomboc.com\/wp-content\/uploads\/2025\/02\/230708_Katharina_und_Georg_687-768x512.jpg\" data-width=\"768\" data-height=\"512\" aria-label=\"Hochzeit Er\u00f6fnungstanz\" role=\"img\" ><\/div>\n\t\t\t\t\t\t\t\t\t\t\t<div class=\"elementor-gallery-item__overlay\"><\/div>\n\t\t\t\t\t\t\t\t\t\t\t\t\t\t<\/a>\n\t\t\t\t\t\t\t<a class=\"e-gallery-item elementor-gallery-item elementor-animated-content\" href=\"https:\/\/gregorgomboc.com\/wp-content\/uploads\/2025\/02\/230708_Katharina_und_Georg_691.jpg\" data-elementor-open-lightbox=\"yes\" data-elementor-lightbox-slideshow=\"a8a3e0b\" data-elementor-lightbox-title=\"230708_Katharina_und_Georg_691\" data-e-action-hash=\"#elementor-action%3Aaction%3Dlightbox%26settings%3DeyJpZCI6NTUxOCwidXJsIjoiaHR0cHM6XC9cL2dyZWdvcmdvbWJvYy5jb21cL3dwLWNvbnRlbnRcL3VwbG9hZHNcLzIwMjVcLzAyXC8yMzA3MDhfS2F0aGFyaW5hX3VuZF9HZW9yZ182OTEuanBnIiwic2xpZGVzaG93IjoiYThhM2UwYiJ9\">\n\t\t\t\t\t<div class=\"e-gallery-image elementor-gallery-item__image\" data-thumbnail=\"https:\/\/gregorgomboc.com\/wp-content\/uploads\/2025\/02\/230708_Katharina_und_Georg_691-768x1152.jpg\" data-width=\"768\" data-height=\"1152\" aria-label=\"Erster Zanz Ehepaar\" role=\"img\" ><\/div>\n\t\t\t\t\t\t\t\t\t\t\t<div class=\"elementor-gallery-item__overlay\"><\/div>\n\t\t\t\t\t\t\t\t\t\t\t\t\t\t<\/a>\n\t\t\t\t\t\t\t<a class=\"e-gallery-item elementor-gallery-item elementor-animated-content\" href=\"https:\/\/gregorgomboc.com\/wp-content\/uploads\/2025\/02\/230708_Katharina_und_Georg_700.jpg\" data-elementor-open-lightbox=\"yes\" data-elementor-lightbox-slideshow=\"a8a3e0b\" data-elementor-lightbox-title=\"230708_Katharina_und_Georg_700\" data-e-action-hash=\"#elementor-action%3Aaction%3Dlightbox%26settings%3DeyJpZCI6NTUyMCwidXJsIjoiaHR0cHM6XC9cL2dyZWdvcmdvbWJvYy5jb21cL3dwLWNvbnRlbnRcL3VwbG9hZHNcLzIwMjVcLzAyXC8yMzA3MDhfS2F0aGFyaW5hX3VuZF9HZW9yZ183MDAuanBnIiwic2xpZGVzaG93IjoiYThhM2UwYiJ9\">\n\t\t\t\t\t<div class=\"e-gallery-image elementor-gallery-item__image\" data-thumbnail=\"https:\/\/gregorgomboc.com\/wp-content\/uploads\/2025\/02\/230708_Katharina_und_Georg_700-768x1152.jpg\" data-width=\"768\" data-height=\"1152\" aria-label=\"Erster Hochzeitstanz\" role=\"img\" ><\/div>\n\t\t\t\t\t\t\t\t\t\t\t<div class=\"elementor-gallery-item__overlay\"><\/div>\n\t\t\t\t\t\t\t\t\t\t\t\t\t\t<\/a>\n\t\t\t\t\t\t\t<a class=\"e-gallery-item elementor-gallery-item elementor-animated-content\" href=\"https:\/\/gregorgomboc.com\/wp-content\/uploads\/2025\/02\/230708_Katharina_und_Georg_715.jpg\" data-elementor-open-lightbox=\"yes\" data-elementor-lightbox-slideshow=\"a8a3e0b\" data-elementor-lightbox-title=\"230708_Katharina_und_Georg_715\" data-e-action-hash=\"#elementor-action%3Aaction%3Dlightbox%26settings%3DeyJpZCI6NTUyMiwidXJsIjoiaHR0cHM6XC9cL2dyZWdvcmdvbWJvYy5jb21cL3dwLWNvbnRlbnRcL3VwbG9hZHNcLzIwMjVcLzAyXC8yMzA3MDhfS2F0aGFyaW5hX3VuZF9HZW9yZ183MTUuanBnIiwic2xpZGVzaG93IjoiYThhM2UwYiJ9\">\n\t\t\t\t\t<div class=\"e-gallery-image elementor-gallery-item__image\" data-thumbnail=\"https:\/\/gregorgomboc.com\/wp-content\/uploads\/2025\/02\/230708_Katharina_und_Georg_715-768x512.jpg\" data-width=\"768\" data-height=\"512\" aria-label=\"Braut tanzt mit ihren Vater\" role=\"img\" ><\/div>\n\t\t\t\t\t\t\t\t\t\t\t<div class=\"elementor-gallery-item__overlay\"><\/div>\n\t\t\t\t\t\t\t\t\t\t\t\t\t\t<\/a>\n\t\t\t\t\t\t\t<a class=\"e-gallery-item elementor-gallery-item elementor-animated-content\" href=\"https:\/\/gregorgomboc.com\/wp-content\/uploads\/2025\/02\/230708_Katharina_und_Georg_725.jpg\" data-elementor-open-lightbox=\"yes\" data-elementor-lightbox-slideshow=\"a8a3e0b\" data-elementor-lightbox-title=\"230708_Katharina_und_Georg_725\" data-e-action-hash=\"#elementor-action%3Aaction%3Dlightbox%26settings%3DeyJpZCI6NTUyNCwidXJsIjoiaHR0cHM6XC9cL2dyZWdvcmdvbWJvYy5jb21cL3dwLWNvbnRlbnRcL3VwbG9hZHNcLzIwMjVcLzAyXC8yMzA3MDhfS2F0aGFyaW5hX3VuZF9HZW9yZ183MjUuanBnIiwic2xpZGVzaG93IjoiYThhM2UwYiJ9\">\n\t\t\t\t\t<div class=\"e-gallery-image elementor-gallery-item__image\" data-thumbnail=\"https:\/\/gregorgomboc.com\/wp-content\/uploads\/2025\/02\/230708_Katharina_und_Georg_725-768x1152.jpg\" data-width=\"768\" data-height=\"1152\" aria-label=\"brautstraus wurf\" role=\"img\" ><\/div>\n\t\t\t\t\t\t\t\t\t\t\t<div class=\"elementor-gallery-item__overlay\"><\/div>\n\t\t\t\t\t\t\t\t\t\t\t\t\t\t<\/a>\n\t\t\t\t\t\t\t<a class=\"e-gallery-item elementor-gallery-item elementor-animated-content\" href=\"https:\/\/gregorgomboc.com\/wp-content\/uploads\/2025\/02\/230708_Katharina_und_Georg_727.jpg\" data-elementor-open-lightbox=\"yes\" data-elementor-lightbox-slideshow=\"a8a3e0b\" data-elementor-lightbox-title=\"230708_Katharina_und_Georg_727\" data-e-action-hash=\"#elementor-action%3Aaction%3Dlightbox%26settings%3DeyJpZCI6NTUyNiwidXJsIjoiaHR0cHM6XC9cL2dyZWdvcmdvbWJvYy5jb21cL3dwLWNvbnRlbnRcL3VwbG9hZHNcLzIwMjVcLzAyXC8yMzA3MDhfS2F0aGFyaW5hX3VuZF9HZW9yZ183MjcuanBnIiwic2xpZGVzaG93IjoiYThhM2UwYiJ9\">\n\t\t\t\t\t<div class=\"e-gallery-image elementor-gallery-item__image\" data-thumbnail=\"https:\/\/gregorgomboc.com\/wp-content\/uploads\/2025\/02\/230708_Katharina_und_Georg_727-768x1152.jpg\" data-width=\"768\" data-height=\"1152\" aria-label=\"brautstrauswurf\" role=\"img\" ><\/div>\n\t\t\t\t\t\t\t\t\t\t\t<div class=\"elementor-gallery-item__overlay\"><\/div>\n\t\t\t\t\t\t\t\t\t\t\t\t\t\t<\/a>\n\t\t\t\t\t<\/div>\n\t\t\t\t\t<\/div>\n\t\t\t\t<\/div>\n\t\t\t\t\t<\/div>\n\t\t<\/div>\n\t\t\t\t\t<\/div>\n\t\t<\/section>\n\t\t\t\t<section class=\"elementor-section elementor-top-section elementor-element elementor-element-d652d80 elementor-section-boxed elementor-section-height-default elementor-section-height-default\" data-id=\"d652d80\" data-element_type=\"section\" data-e-type=\"section\">\n\t\t\t\t\t\t<div class=\"elementor-container elementor-column-gap-default\">\n\t\t\t\t\t<div class=\"elementor-column elementor-col-100 elementor-top-column elementor-element elementor-element-0bf24e9\" data-id=\"0bf24e9\" data-element_type=\"column\" data-e-type=\"column\">\n\t\t\t<div class=\"elementor-widget-wrap\">\n\t\t\t\t\t\t\t<\/div>\n\t\t<\/div>\n\t\t\t\t\t<\/div>\n\t\t<\/section>\n\t\t\t\t<\/div>\n\t\t","protected":false},"excerpt":{"rendered":"<p>Nepozabno do\u017eivetje v Avstrijski Ju\u017eni \u0160tajerski<\/p>\n","protected":false},"author":1,"featured_media":5471,"comment_status":"open","ping_status":"closed","sticky":false,"template":"","format":"standard","meta":{"footnotes":""},"categories":[40],"tags":[88,89,51,48,90,91,41],"class_list":["post-5543","post","type-post","status-publish","format-standard","has-post-thumbnail","hentry","category-poroke","tag-dvorec-georgi","tag-juzna-stajerska","tag-porocna-fotografija","tag-porocni-fotograf","tag-porocni-fotograf-avstrija","tag-porocni-fotograf-stajerska","tag-poroka"],"yoast_head":"<!-- This site is optimized with the Yoast SEO plugin v27.2 - https:\/\/yoast.com\/product\/yoast-seo-wordpress\/ -->\n<title>Sanjska poroka v dvorcu Georgi - Gregor Gomboc<\/title>\n<meta name=\"robots\" content=\"index, follow, max-snippet:-1, max-image-preview:large, max-video-preview:-1\" \/>\n<link rel=\"canonical\" href=\"https:\/\/gregorgomboc.com\/sl\/sanjska-poroka-v-dvorcu-georgi\/\" \/>\n<meta property=\"og:locale\" content=\"sl_SI\" \/>\n<meta property=\"og:type\" content=\"article\" \/>\n<meta property=\"og:title\" content=\"Sanjska poroka v dvorcu Georgi - Gregor Gomboc\" \/>\n<meta property=\"og:description\" content=\"Nepozabno do\u017eivetje v Avstrijski Ju\u017eni \u0160tajerski\" \/>\n<meta property=\"og:url\" content=\"https:\/\/gregorgomboc.com\/sl\/sanjska-poroka-v-dvorcu-georgi\/\" \/>\n<meta property=\"og:site_name\" content=\"Gregor Gomboc\" \/>\n<meta property=\"article:publisher\" content=\"https:\/\/www.instagram.com\/gregor_gomboc\/\" \/>\n<meta property=\"article:published_time\" content=\"2025-02-27T19:10:27+00:00\" \/>\n<meta property=\"article:modified_time\" content=\"2025-02-28T12:33:36+00:00\" \/>\n<meta property=\"og:image\" content=\"https:\/\/gregorgomboc.com\/wp-content\/uploads\/2025\/02\/230708_Katharina_und_Georg_426-2.jpg\" \/>\n\t<meta property=\"og:image:width\" content=\"2400\" \/>\n\t<meta property=\"og:image:height\" content=\"1250\" \/>\n\t<meta property=\"og:image:type\" content=\"image\/jpeg\" \/>\n<meta name=\"author\" content=\"admin\" \/>\n<meta name=\"twitter:card\" content=\"summary_large_image\" \/>\n<meta name=\"twitter:label1\" content=\"Written by\" \/>\n\t<meta name=\"twitter:data1\" content=\"admin\" \/>\n\t<meta name=\"twitter:label2\" content=\"Est. reading time\" \/>\n\t<meta name=\"twitter:data2\" content=\"1 minuta\" \/>\n<script type=\"application\/ld+json\" class=\"yoast-schema-graph\">{\"@context\":\"https:\/\/schema.org\",\"@graph\":[{\"@type\":\"Article\",\"@id\":\"https:\/\/gregorgomboc.com\/sl\/sanjska-poroka-v-dvorcu-georgi\/#article\",\"isPartOf\":{\"@id\":\"https:\/\/gregorgomboc.com\/sl\/sanjska-poroka-v-dvorcu-georgi\/\"},\"author\":{\"name\":\"admin\",\"@id\":\"https:\/\/gregorgomboc.com\/sl\/#\/schema\/person\/d7e4be3da478de08cd96a0563fabcc66\"},\"headline\":\"Sanjska poroka v dvorcu Georgi\",\"datePublished\":\"2025-02-27T19:10:27+00:00\",\"dateModified\":\"2025-02-28T12:33:36+00:00\",\"mainEntityOfPage\":{\"@id\":\"https:\/\/gregorgomboc.com\/sl\/sanjska-poroka-v-dvorcu-georgi\/\"},\"wordCount\":240,\"commentCount\":0,\"publisher\":{\"@id\":\"https:\/\/gregorgomboc.com\/sl\/#organization\"},\"image\":{\"@id\":\"https:\/\/gregorgomboc.com\/sl\/sanjska-poroka-v-dvorcu-georgi\/#primaryimage\"},\"thumbnailUrl\":\"https:\/\/gregorgomboc.com\/wp-content\/uploads\/2025\/02\/230708_Katharina_und_Georg_426-2.jpg\",\"keywords\":[\"Dvorec Georgi\",\"Ju\u017ena \u0160tajerska\",\"poro\u010dna fotografija\",\"poro\u010dni fotograf\",\"Poro\u010dni fotograf Avstrija\",\"Poro\u010dni fotograf \u0161tajerska\",\"poroka\"],\"articleSection\":[\"poroke\"],\"inLanguage\":\"sl-SI\",\"potentialAction\":[{\"@type\":\"CommentAction\",\"name\":\"Comment\",\"target\":[\"https:\/\/gregorgomboc.com\/sl\/sanjska-poroka-v-dvorcu-georgi\/#respond\"]}]},{\"@type\":\"WebPage\",\"@id\":\"https:\/\/gregorgomboc.com\/sl\/sanjska-poroka-v-dvorcu-georgi\/\",\"url\":\"https:\/\/gregorgomboc.com\/sl\/sanjska-poroka-v-dvorcu-georgi\/\",\"name\":\"Sanjska poroka v dvorcu Georgi - Gregor Gomboc\",\"isPartOf\":{\"@id\":\"https:\/\/gregorgomboc.com\/sl\/#website\"},\"primaryImageOfPage\":{\"@id\":\"https:\/\/gregorgomboc.com\/sl\/sanjska-poroka-v-dvorcu-georgi\/#primaryimage\"},\"image\":{\"@id\":\"https:\/\/gregorgomboc.com\/sl\/sanjska-poroka-v-dvorcu-georgi\/#primaryimage\"},\"thumbnailUrl\":\"https:\/\/gregorgomboc.com\/wp-content\/uploads\/2025\/02\/230708_Katharina_und_Georg_426-2.jpg\",\"datePublished\":\"2025-02-27T19:10:27+00:00\",\"dateModified\":\"2025-02-28T12:33:36+00:00\",\"breadcrumb\":{\"@id\":\"https:\/\/gregorgomboc.com\/sl\/sanjska-poroka-v-dvorcu-georgi\/#breadcrumb\"},\"inLanguage\":\"sl-SI\",\"potentialAction\":[{\"@type\":\"ReadAction\",\"target\":[\"https:\/\/gregorgomboc.com\/sl\/sanjska-poroka-v-dvorcu-georgi\/\"]}]},{\"@type\":\"ImageObject\",\"inLanguage\":\"sl-SI\",\"@id\":\"https:\/\/gregorgomboc.com\/sl\/sanjska-poroka-v-dvorcu-georgi\/#primaryimage\",\"url\":\"https:\/\/gregorgomboc.com\/wp-content\/uploads\/2025\/02\/230708_Katharina_und_Georg_426-2.jpg\",\"contentUrl\":\"https:\/\/gregorgomboc.com\/wp-content\/uploads\/2025\/02\/230708_Katharina_und_Georg_426-2.jpg\",\"width\":2400,\"height\":1250,\"caption\":\"Hochzeitsfotograf \u00d6sterreich Steiermark Graz\"},{\"@type\":\"BreadcrumbList\",\"@id\":\"https:\/\/gregorgomboc.com\/sl\/sanjska-poroka-v-dvorcu-georgi\/#breadcrumb\",\"itemListElement\":[{\"@type\":\"ListItem\",\"position\":1,\"name\":\"Start\",\"item\":\"https:\/\/gregorgomboc.com\/sl\/\"},{\"@type\":\"ListItem\",\"position\":2,\"name\":\"Sanjska poroka v dvorcu Georgi\"}]},{\"@type\":\"WebSite\",\"@id\":\"https:\/\/gregorgomboc.com\/sl\/#website\",\"url\":\"https:\/\/gregorgomboc.com\/sl\/\",\"name\":\"Gregor Gomboc, Fotograf\",\"description\":\"Hochzeitsfotograf\",\"publisher\":{\"@id\":\"https:\/\/gregorgomboc.com\/sl\/#organization\"},\"potentialAction\":[{\"@type\":\"SearchAction\",\"target\":{\"@type\":\"EntryPoint\",\"urlTemplate\":\"https:\/\/gregorgomboc.com\/sl\/?s={search_term_string}\"},\"query-input\":{\"@type\":\"PropertyValueSpecification\",\"valueRequired\":true,\"valueName\":\"search_term_string\"}}],\"inLanguage\":\"sl-SI\"},{\"@type\":\"Organization\",\"@id\":\"https:\/\/gregorgomboc.com\/sl\/#organization\",\"name\":\"Gregor Gomboc s.p.\",\"url\":\"https:\/\/gregorgomboc.com\/sl\/\",\"logo\":{\"@type\":\"ImageObject\",\"inLanguage\":\"sl-SI\",\"@id\":\"https:\/\/gregorgomboc.com\/sl\/#\/schema\/logo\/image\/\",\"url\":\"https:\/\/gregorgomboc.com\/wp-content\/uploads\/2026\/01\/Gregor-Gomboc-logo-krog.png\",\"contentUrl\":\"https:\/\/gregorgomboc.com\/wp-content\/uploads\/2026\/01\/Gregor-Gomboc-logo-krog.png\",\"width\":471,\"height\":464,\"caption\":\"Gregor Gomboc s.p.\"},\"image\":{\"@id\":\"https:\/\/gregorgomboc.com\/sl\/#\/schema\/logo\/image\/\"},\"sameAs\":[\"https:\/\/www.instagram.com\/gregor_gomboc\/\"]},{\"@type\":\"Person\",\"@id\":\"https:\/\/gregorgomboc.com\/sl\/#\/schema\/person\/d7e4be3da478de08cd96a0563fabcc66\",\"name\":\"admin\",\"image\":{\"@type\":\"ImageObject\",\"inLanguage\":\"sl-SI\",\"@id\":\"https:\/\/secure.gravatar.com\/avatar\/d3afd8b0c3d50769bfd779d4611eb33139ac6ceb0cbd43571319ce8f96431f31?s=96&d=mm&r=g\",\"url\":\"https:\/\/secure.gravatar.com\/avatar\/d3afd8b0c3d50769bfd779d4611eb33139ac6ceb0cbd43571319ce8f96431f31?s=96&d=mm&r=g\",\"contentUrl\":\"https:\/\/secure.gravatar.com\/avatar\/d3afd8b0c3d50769bfd779d4611eb33139ac6ceb0cbd43571319ce8f96431f31?s=96&d=mm&r=g\",\"caption\":\"admin\"},\"sameAs\":[\"https:\/\/gregorgomboc.com\"],\"url\":\"https:\/\/gregorgomboc.com\/sl\/author\/admin\/\"}]}<\/script>\n<!-- \/ Yoast SEO plugin. -->","yoast_head_json":{"title":"Sanjska poroka v dvorcu Georgi - Gregor Gomboc","robots":{"index":"index","follow":"follow","max-snippet":"max-snippet:-1","max-image-preview":"max-image-preview:large","max-video-preview":"max-video-preview:-1"},"canonical":"https:\/\/gregorgomboc.com\/sl\/sanjska-poroka-v-dvorcu-georgi\/","og_locale":"sl_SI","og_type":"article","og_title":"Sanjska poroka v dvorcu Georgi - Gregor Gomboc","og_description":"Nepozabno do\u017eivetje v Avstrijski Ju\u017eni \u0160tajerski","og_url":"https:\/\/gregorgomboc.com\/sl\/sanjska-poroka-v-dvorcu-georgi\/","og_site_name":"Gregor Gomboc","article_publisher":"https:\/\/www.instagram.com\/gregor_gomboc\/","article_published_time":"2025-02-27T19:10:27+00:00","article_modified_time":"2025-02-28T12:33:36+00:00","og_image":[{"width":2400,"height":1250,"url":"https:\/\/gregorgomboc.com\/wp-content\/uploads\/2025\/02\/230708_Katharina_und_Georg_426-2.jpg","type":"image\/jpeg"}],"author":"admin","twitter_card":"summary_large_image","twitter_misc":{"Written by":"admin","Est. reading time":"1 minuta"},"schema":{"@context":"https:\/\/schema.org","@graph":[{"@type":"Article","@id":"https:\/\/gregorgomboc.com\/sl\/sanjska-poroka-v-dvorcu-georgi\/#article","isPartOf":{"@id":"https:\/\/gregorgomboc.com\/sl\/sanjska-poroka-v-dvorcu-georgi\/"},"author":{"name":"admin","@id":"https:\/\/gregorgomboc.com\/sl\/#\/schema\/person\/d7e4be3da478de08cd96a0563fabcc66"},"headline":"Sanjska poroka v dvorcu Georgi","datePublished":"2025-02-27T19:10:27+00:00","dateModified":"2025-02-28T12:33:36+00:00","mainEntityOfPage":{"@id":"https:\/\/gregorgomboc.com\/sl\/sanjska-poroka-v-dvorcu-georgi\/"},"wordCount":240,"commentCount":0,"publisher":{"@id":"https:\/\/gregorgomboc.com\/sl\/#organization"},"image":{"@id":"https:\/\/gregorgomboc.com\/sl\/sanjska-poroka-v-dvorcu-georgi\/#primaryimage"},"thumbnailUrl":"https:\/\/gregorgomboc.com\/wp-content\/uploads\/2025\/02\/230708_Katharina_und_Georg_426-2.jpg","keywords":["Dvorec Georgi","Ju\u017ena \u0160tajerska","poro\u010dna fotografija","poro\u010dni fotograf","Poro\u010dni fotograf Avstrija","Poro\u010dni fotograf \u0161tajerska","poroka"],"articleSection":["poroke"],"inLanguage":"sl-SI","potentialAction":[{"@type":"CommentAction","name":"Comment","target":["https:\/\/gregorgomboc.com\/sl\/sanjska-poroka-v-dvorcu-georgi\/#respond"]}]},{"@type":"WebPage","@id":"https:\/\/gregorgomboc.com\/sl\/sanjska-poroka-v-dvorcu-georgi\/","url":"https:\/\/gregorgomboc.com\/sl\/sanjska-poroka-v-dvorcu-georgi\/","name":"Sanjska poroka v dvorcu Georgi - Gregor Gomboc","isPartOf":{"@id":"https:\/\/gregorgomboc.com\/sl\/#website"},"primaryImageOfPage":{"@id":"https:\/\/gregorgomboc.com\/sl\/sanjska-poroka-v-dvorcu-georgi\/#primaryimage"},"image":{"@id":"https:\/\/gregorgomboc.com\/sl\/sanjska-poroka-v-dvorcu-georgi\/#primaryimage"},"thumbnailUrl":"https:\/\/gregorgomboc.com\/wp-content\/uploads\/2025\/02\/230708_Katharina_und_Georg_426-2.jpg","datePublished":"2025-02-27T19:10:27+00:00","dateModified":"2025-02-28T12:33:36+00:00","breadcrumb":{"@id":"https:\/\/gregorgomboc.com\/sl\/sanjska-poroka-v-dvorcu-georgi\/#breadcrumb"},"inLanguage":"sl-SI","potentialAction":[{"@type":"ReadAction","target":["https:\/\/gregorgomboc.com\/sl\/sanjska-poroka-v-dvorcu-georgi\/"]}]},{"@type":"ImageObject","inLanguage":"sl-SI","@id":"https:\/\/gregorgomboc.com\/sl\/sanjska-poroka-v-dvorcu-georgi\/#primaryimage","url":"https:\/\/gregorgomboc.com\/wp-content\/uploads\/2025\/02\/230708_Katharina_und_Georg_426-2.jpg","contentUrl":"https:\/\/gregorgomboc.com\/wp-content\/uploads\/2025\/02\/230708_Katharina_und_Georg_426-2.jpg","width":2400,"height":1250,"caption":"Hochzeitsfotograf \u00d6sterreich Steiermark Graz"},{"@type":"BreadcrumbList","@id":"https:\/\/gregorgomboc.com\/sl\/sanjska-poroka-v-dvorcu-georgi\/#breadcrumb","itemListElement":[{"@type":"ListItem","position":1,"name":"Start","item":"https:\/\/gregorgomboc.com\/sl\/"},{"@type":"ListItem","position":2,"name":"Sanjska poroka v dvorcu Georgi"}]},{"@type":"WebSite","@id":"https:\/\/gregorgomboc.com\/sl\/#website","url":"https:\/\/gregorgomboc.com\/sl\/","name":"Gregor Gomboc, Fotograf","description":"Hochzeitsfotograf","publisher":{"@id":"https:\/\/gregorgomboc.com\/sl\/#organization"},"potentialAction":[{"@type":"SearchAction","target":{"@type":"EntryPoint","urlTemplate":"https:\/\/gregorgomboc.com\/sl\/?s={search_term_string}"},"query-input":{"@type":"PropertyValueSpecification","valueRequired":true,"valueName":"search_term_string"}}],"inLanguage":"sl-SI"},{"@type":"Organization","@id":"https:\/\/gregorgomboc.com\/sl\/#organization","name":"Gregor Gomboc s.p.","url":"https:\/\/gregorgomboc.com\/sl\/","logo":{"@type":"ImageObject","inLanguage":"sl-SI","@id":"https:\/\/gregorgomboc.com\/sl\/#\/schema\/logo\/image\/","url":"https:\/\/gregorgomboc.com\/wp-content\/uploads\/2026\/01\/Gregor-Gomboc-logo-krog.png","contentUrl":"https:\/\/gregorgomboc.com\/wp-content\/uploads\/2026\/01\/Gregor-Gomboc-logo-krog.png","width":471,"height":464,"caption":"Gregor Gomboc s.p."},"image":{"@id":"https:\/\/gregorgomboc.com\/sl\/#\/schema\/logo\/image\/"},"sameAs":["https:\/\/www.instagram.com\/gregor_gomboc\/"]},{"@type":"Person","@id":"https:\/\/gregorgomboc.com\/sl\/#\/schema\/person\/d7e4be3da478de08cd96a0563fabcc66","name":"admin","image":{"@type":"ImageObject","inLanguage":"sl-SI","@id":"https:\/\/secure.gravatar.com\/avatar\/d3afd8b0c3d50769bfd779d4611eb33139ac6ceb0cbd43571319ce8f96431f31?s=96&d=mm&r=g","url":"https:\/\/secure.gravatar.com\/avatar\/d3afd8b0c3d50769bfd779d4611eb33139ac6ceb0cbd43571319ce8f96431f31?s=96&d=mm&r=g","contentUrl":"https:\/\/secure.gravatar.com\/avatar\/d3afd8b0c3d50769bfd779d4611eb33139ac6ceb0cbd43571319ce8f96431f31?s=96&d=mm&r=g","caption":"admin"},"sameAs":["https:\/\/gregorgomboc.com"],"url":"https:\/\/gregorgomboc.com\/sl\/author\/admin\/"}]}},"_links":{"self":[{"href":"https:\/\/gregorgomboc.com\/sl\/wp-json\/wp\/v2\/posts\/5543","targetHints":{"allow":["GET"]}}],"collection":[{"href":"https:\/\/gregorgomboc.com\/sl\/wp-json\/wp\/v2\/posts"}],"about":[{"href":"https:\/\/gregorgomboc.com\/sl\/wp-json\/wp\/v2\/types\/post"}],"author":[{"embeddable":true,"href":"https:\/\/gregorgomboc.com\/sl\/wp-json\/wp\/v2\/users\/1"}],"replies":[{"embeddable":true,"href":"https:\/\/gregorgomboc.com\/sl\/wp-json\/wp\/v2\/comments?post=5543"}],"version-history":[{"count":1,"href":"https:\/\/gregorgomboc.com\/sl\/wp-json\/wp\/v2\/posts\/5543\/revisions"}],"predecessor-version":[{"id":5544,"href":"https:\/\/gregorgomboc.com\/sl\/wp-json\/wp\/v2\/posts\/5543\/revisions\/5544"}],"wp:featuredmedia":[{"embeddable":true,"href":"https:\/\/gregorgomboc.com\/sl\/wp-json\/wp\/v2\/media\/5471"}],"wp:attachment":[{"href":"https:\/\/gregorgomboc.com\/sl\/wp-json\/wp\/v2\/media?parent=5543"}],"wp:term":[{"taxonomy":"category","embeddable":true,"href":"https:\/\/gregorgomboc.com\/sl\/wp-json\/wp\/v2\/categories?post=5543"},{"taxonomy":"post_tag","embeddable":true,"href":"https:\/\/gregorgomboc.com\/sl\/wp-json\/wp\/v2\/tags?post=5543"}],"curies":[{"name":"wp","href":"https:\/\/api.w.org\/{rel}","templated":true}]}}